
{"id":1130,"date":"2019-08-30T20:19:53","date_gmt":"2019-08-30T18:19:53","guid":{"rendered":"https:\/\/przedszkole23.edu.wroclaw.pl\/?p=1130"},"modified":"2019-08-30T20:33:13","modified_gmt":"2019-08-30T18:33:13","slug":"informacje-nowy-rok-szkolny","status":"publish","type":"post","link":"https:\/\/przedszkole23.edu.wroclaw.pl\/index.php\/2019\/08\/30\/informacje-nowy-rok-szkolny\/","title":{"rendered":"INFORMACJE NOWY ROK SZKOLNY"},"content":{"rendered":"\n<p class=\"western\" align=\"center\"><span style=\"font-size: x-large;color: #000000\"><b>Szanowni Rodzice!<\/b><\/span><\/p>\n<p class=\"western\"><span style=\"color: #000000\"><span style=\"font-size: medium\">Dnia <\/span><span style=\"font-size: medium\"><b>02 wrze\u015bnia 2019<\/b><\/span><span style=\"font-size: medium\"> rozpoczynamy nowy rok szkolny w nowym <\/span><span style=\"font-size: medium\"><b>Przedszkolu nr 23, kt\u00f3re mie\u015bci si\u0119 przy ul. Zwyci\u0119skiej 8a we Wroc\u0142awiu.<\/b><\/span><\/span><\/p>\n<ul>\n<li>\n<p><span style=\"font-family: 'Times New Roman', serif;color: #000000\"><span style=\"font-size: small\"><span style=\"font-family: Calibri, serif\"><span style=\"font-size: medium\">Organem prowadz\u0105cym przedszkole jest Gmina Wroc\u0142aw,<\/span><\/span><\/span><\/span><\/p>\n<\/li>\n<li>\n<p><span style=\"font-family: 'Times New Roman', serif;color: #000000\"><span style=\"font-size: small\"><span style=\"font-family: Calibri, serif\"><span style=\"font-size: medium\"><b>Przedszkole jest czynne w godzinach od 06.30 do 17.00 <\/b><\/span><\/span><span style=\"font-family: Calibri, serif\"><span style=\"font-size: medium\">(od poniedzia\u0142ku do pi\u0105tku),<\/span><\/span><b> <\/b><\/span><\/span><\/p>\n<\/li>\n<li>\n<p><span style=\"font-family: 'Times New Roman', serif;color: #000000\"><span style=\"font-size: small\"><span style=\"font-family: Calibri, serif\"><span style=\"font-size: medium\">Dzieci nale\u017cy przyprowadza\u0107 do godziny <\/span><\/span><span style=\"font-family: Calibri, serif\"><span style=\"font-size: medium\"><b>08.30 <\/b><\/span><\/span><span style=\"font-family: Calibri, serif\"><span style=\"font-size: medium\"><br \/>Odbieranie dzieci od godziny <\/span><\/span><span style=\"font-family: Calibri, serif\"><span style=\"font-size: medium\"><b>14.30 \u2013 przy odbieraniu dzieci nale\u017cy wylegitymowa\u0107 si\u0119 dowodem to\u017csamo\u015bci,<\/b><\/span><\/span><\/span><\/span><\/p>\n<\/li>\n<li>\n<p><span style=\"font-family: 'Times New Roman', serif;color: #000000\"><span style=\"font-size: small\"><span style=\"font-family: Calibri, serif\"><span style=\"font-size: medium\">Ponadto nale\u017cy z\u0142o\u017cy\u0107 <\/span><\/span><span style=\"font-family: Calibri, serif\"><span style=\"font-size: medium\"><b>o\u015bwiadczenia<\/b><\/span><\/span> <span style=\"font-family: Calibri, serif\">(za\u0142\u0105cznik nr 1)<\/span><span style=\"font-family: Calibri, serif\"><span style=\"font-size: medium\"> dotycz\u0105ce os\u00f3b upowa\u017cnionych do odbierania dziecka <\/span><\/span><span style=\"font-family: Calibri, serif\"><span style=\"font-size: medium\"><b>w dniu pierwszej obecno\u015bci dziecka w przedszkolu<\/b><\/span><\/span><span style=\"font-family: Calibri, serif\"><span style=\"font-size: medium\"> ,<\/span><\/span><\/span><\/span><\/p>\n<\/li>\n<li>\n<p><span style=\"font-family: 'Times New Roman', serif;color: #000000\"><span style=\"font-size: small\"><span style=\"font-family: Calibri, serif\"><span style=\"font-size: medium\">Przedszkole zapewnia posi\u0142ki przygotowywane przez kuchni\u0119 w\u0142asn\u0105,<\/span><\/span><\/span><\/span><\/p>\n<\/li>\n<li>\n<p><span style=\"font-family: 'Times New Roman', serif;color: #000000\"><span style=\"font-size: small\"><span style=\"font-family: Calibri, serif\"><span style=\"font-size: medium\"><b>W pierwszym dniu obecno\u015bci dziecka nale\u017cy przynie\u015b\u0107 kompletn\u0105 i podpisan\u0105 wyprawk\u0119. <\/b><\/span><\/span><\/span><\/span><\/p>\n<\/li>\n<\/ul>\n<p class=\"western\"><span style=\"color: #000000\"><span style=\"font-size: medium\"><u>Deklaracje pobytu dziecka w przedszkolu nale\u017cy z\u0142o\u017cy\u0107 w terminie do <\/u><\/span><span style=\"font-size: medium\"><u><b>05.09.2019<\/b><\/u><\/span><span style=\"font-size: medium\"><u> r<\/u><\/span><span style=\"font-size: medium\"><b>. <\/b><\/span><\/span><\/p>\n<p class=\"western\" align=\"center\"><span style=\"font-size: medium;color: #000000\"><b>W zwi\u0105zku z du\u017cym brakiem nauczycieli bardzo prosimy w roku szkolnym 2019\/20<\/b><\/span><\/p>\n<p class=\"western\" align=\"center\"><span style=\"font-size: medium;color: #000000\"><b>o jak najszybsze odbieranie dzieci z przedszkola.<\/b><\/span><\/p>\n<p class=\"western\" align=\"center\"><span style=\"font-size: medium;color: #000000\"><b>Ponadto bardzo prosimy o zapewnienie dzieciom opieki w domu na czas zebra\u0144 grupowych.<\/b><\/span><\/p>\n<p class=\"western\" align=\"center\"><span style=\"font-size: medium;color: #000000\"><b>WYPRAWKA <\/b><\/span><span style=\"color: #ff0000\"><span style=\"font-size: medium\"><b>DZIECKA bez le\u017cakowania<\/b><\/span><\/span><\/p>\n<ol>\n<li>\n<p class=\"western\"><span style=\"font-size: medium;color: #000000\">Obuwie zmienne (bez sznurowade\u0142)- bezpieczna gumowa podeszwa<\/span><\/p>\n<\/li>\n<li>\n<p class=\"western\"><span style=\"color: #000000\"><span style=\"font-size: medium\">Ubranie zmienne: majteczki, podkoszulka, rajtuzy lub leginsy <\/span><span style=\"font-size: medium\"><u>w woreczku z materia\u0142u<\/u><\/span> <span style=\"font-size: medium\"><b>\/podpisane\/ &#8211; <\/b><\/span><b>pozostawiamy w indywidualnej szafce w szatni<\/b><\/span><\/p>\n<\/li>\n<li>\n<p class=\"western\"><span style=\"color: #000000\"><span style=\"font-size: medium\">Chusteczki higieniczne \/3 pude\u0142ka x min.200szt. <\/span><span style=\"font-size: medium\"><b>\/ na semestr<\/b><\/span><\/span><\/p>\n<\/li>\n<li>\n<p class=\"western\"><span style=\"font-size: medium;color: #000000\"><b>Str\u00f3j do \u0107wicze\u0144 gimnastycznych w podpisanym worku.<\/b><\/span><\/p>\n<\/li>\n<li>\n<p class=\"western\"><span style=\"color: #000000\"><span style=\"font-size: medium\">Lu\u017ane kartki do rysowania \/ mog\u0105 by\u0107 jednostronnie zadrukowane\/ lub <\/span><span style=\"font-size: medium\"><b>ryza papieru<\/b><\/span><\/span><\/p>\n<\/li>\n<\/ol>\n<p class=\"western\"><span style=\"color: #000000\"><span style=\"font-size: medium\">Str\u00f3j do \u0107wicze\u0144 <\/span>(dowolna bluzka typu T-shirt oraz kr\u00f3tkie spodenki<\/span><\/p>\n<p class=\"western\"><br \/><br \/><\/p>\n<p class=\"western\"><span style=\"color: #000000\">Informacja o zebraniach grupowych w roku szkolnym 2019\/20<\/span><\/p>\n<table style=\"border-color: #000000;width: 605px\" border=\"1\" width=\"605\" cellspacing=\"0\" cellpadding=\"1\"><colgroup><col width=\"176\" \/> <col width=\"114\" \/> <col width=\"205\" \/> <col width=\"100\" \/> <\/colgroup>\n<tbody>\n<tr valign=\"top\">\n<td style=\"background: #d9d9d9;border-color: #000000;text-align: center\" bgcolor=\"#d9d9d9\" width=\"176\" height=\"37\">\n<p class=\"western\" align=\"center\"><span style=\"color: #000000\"><b>DATA<\/b><\/span><\/p>\n<\/td>\n<td style=\"background: #d9d9d9;border-color: #000000;text-align: center\" bgcolor=\"#d9d9d9\" width=\"114\">\n<p class=\"western\" align=\"center\"><span style=\"color: #000000\"><b>GODZINA<\/b><\/span><\/p>\n<\/td>\n<td style=\"background: #d9d9d9;border-color: #000000;text-align: center\" bgcolor=\"#d9d9d9\" width=\"205\">\n<p class=\"western\" align=\"center\"><span style=\"color: #000000\"><b>NAZWA GRUPY<\/b><\/span><\/p>\n<\/td>\n<td style=\"background: #d9d9d9;border-color: #000000;text-align: center\" bgcolor=\"#d9d9d9\" width=\"100\">\n<p class=\"western\" align=\"center\"><span style=\"color: #000000\"><b>SALA<\/b><\/span><\/p>\n<\/td>\n<\/tr>\n<tr valign=\"top\">\n<td style=\"border-color: #000000;text-align: center\" width=\"176\">\n<p class=\"western\"><span style=\"color: #000000\">09.09.2019<\/span><\/p>\n<\/td>\n<td style=\"border-color: #000000;text-align: center\" width=\"114\">\n<p class=\"western\"><span style=\"color: #000000\">15:45<\/span><\/p>\n<\/td>\n<td style=\"border-color: #000000;text-align: center\" width=\"205\">\n<p class=\"western\"><span style=\"color: #000000\">ZACZAROWANA KREDKA<\/span><\/p>\n<\/td>\n<td style=\"border-color: #000000;text-align: center\" width=\"100\">\n<p class=\"western\"><span style=\"color: #000000\">Sala 8<\/span><\/p>\n<\/td>\n<\/tr>\n<tr valign=\"top\">\n<td style=\"border-color: #000000;text-align: center\" width=\"176\">\n<p class=\"western\"><span style=\"color: #000000\">09.09.2019<\/span><\/p>\n<\/td>\n<td style=\"border-color: #000000;text-align: center\" width=\"114\">\n<p class=\"western\"><span style=\"color: #000000\">16:15<\/span><\/p>\n<\/td>\n<td style=\"border-color: #000000;text-align: center\" width=\"205\">\n<p class=\"western\"><span style=\"color: #000000\">TA\u0143CZ\u0104CE ISKIERKI<\/span><\/p>\n<\/td>\n<td style=\"border-color: #000000;text-align: center\" width=\"100\">\n<p class=\"western\"><span style=\"color: #000000\">Sala 6<\/span><\/p>\n<\/td>\n<\/tr>\n<tr valign=\"top\">\n<td style=\"border-color: #000000;text-align: center\" width=\"176\">\n<p class=\"western\"><span style=\"color: #000000\">10.09.2019<\/span><\/p>\n<\/td>\n<td style=\"border-color: #000000;text-align: center\" width=\"114\">\n<p class=\"western\"><span style=\"color: #000000\">16:15<\/span><\/p>\n<\/td>\n<td style=\"border-color: #000000;text-align: center\" width=\"205\">\n<p class=\"western\"><span style=\"color: #000000\">ARTY\u015aCI<\/span><\/p>\n<\/td>\n<td style=\"border-color: #000000;text-align: center\" width=\"100\">\n<p class=\"western\"><span style=\"color: #000000\">Sala 1<\/span><\/p>\n<\/td>\n<\/tr>\n<tr valign=\"top\">\n<td style=\"border-color: #000000;text-align: center\" width=\"176\">\n<p class=\"western\"><span style=\"color: #000000\">10.09.2019<\/span><\/p>\n<\/td>\n<td style=\"border-color: #000000;text-align: center\" width=\"114\">\n<p class=\"western\"><span style=\"color: #000000\">15:45<\/span><\/p>\n<\/td>\n<td style=\"border-color: #000000;text-align: center\" width=\"205\">\n<p class=\"western\"><span style=\"color: #000000\">MALI BADACZE<\/span><\/p>\n<\/td>\n<td style=\"border-color: #000000;text-align: center\" width=\"100\">\n<p class=\"western\"><span style=\"color: #000000\">Sala 7<\/span><\/p>\n<\/td>\n<\/tr>\n<tr valign=\"top\">\n<td style=\"border-color: #000000;text-align: center\" width=\"176\">\n<p class=\"western\"><span style=\"color: #000000\">13.09.2019<\/span><\/p>\n<\/td>\n<td style=\"border-color: #000000;text-align: center\" width=\"114\">\n<p class=\"western\"><span style=\"color: #000000\">15:45<\/span><\/p>\n<\/td>\n<td style=\"border-color: #000000;text-align: center\" width=\"205\">\n<p class=\"western\"><span style=\"color: #000000\">PODR\u00d3\u017bNICY<\/span><\/p>\n<\/td>\n<td style=\"border-color: #000000;text-align: center\" width=\"100\">\n<p class=\"western\"><span style=\"color: #000000\">Sala 2<\/span><\/p>\n<\/td>\n<\/tr>\n<tr valign=\"top\">\n<td style=\"border-color: #000000;text-align: center\" width=\"176\">\n<p class=\"western\"><span style=\"color: #000000\">11.09.2019<\/span><\/p>\n<\/td>\n<td style=\"border-color: #000000;text-align: center\" width=\"114\">\n<p class=\"western\"><span style=\"color: #000000\">16:15<\/span><\/p>\n<\/td>\n<td style=\"border-color: #000000;text-align: center\" width=\"205\">\n<p class=\"western\"><span style=\"color: #000000\">TROPICIELE<\/span><\/p>\n<\/td>\n<td style=\"border-color: #000000;text-align: center\" width=\"100\">\n<p class=\"western\"><span style=\"color: #000000\">Sala 4<\/span><\/p>\n<\/td>\n<\/tr>\n<tr valign=\"top\">\n<td style=\"border-color: #000000;text-align: center\" width=\"176\">\n<p class=\"western\"><span style=\"color: #000000\">11.09.2019<\/span><\/p>\n<\/td>\n<td style=\"border-color: #000000;text-align: center\" width=\"114\">\n<p class=\"western\"><span style=\"color: #000000\">15:45<\/span><\/p>\n<\/td>\n<td style=\"border-color: #000000;text-align: center\" width=\"205\">\n<p class=\"western\"><span style=\"color: #000000\">DZWONECZKI<\/span><\/p>\n<\/td>\n<td style=\"border-color: #000000;text-align: center\" width=\"100\">\n<p class=\"western\"><span style=\"color: #000000\">Sala 3<\/span><\/p>\n<\/td>\n<\/tr>\n<tr valign=\"top\">\n<td style=\"border-color: #000000;text-align: center\" width=\"176\">\n<p class=\"western\"><span style=\"color: #000000\">12.09.2019<\/span><\/p>\n<\/td>\n<td style=\"border-color: #000000;text-align: center\" width=\"114\">\n<p class=\"western\"><span style=\"color: #000000\">16:15<\/span><\/p>\n<\/td>\n<td style=\"border-color: #000000;text-align: center\" width=\"205\">\n<p class=\"western\"><span style=\"color: #000000\">SPORTOWCY<\/span><\/p>\n<\/td>\n<td style=\"border-color: #000000;text-align: center\" width=\"100\">\n<p class=\"western\"><span style=\"color: #000000\">Sala 9<\/span><\/p>\n<\/td>\n<\/tr>\n<tr valign=\"top\">\n<td style=\"border-color: #000000;text-align: center\" width=\"176\">\n<p class=\"western\"><span style=\"color: #000000\">12.09.2019<\/span><\/p>\n<\/td>\n<td style=\"border-color: #000000;text-align: center\" width=\"114\">\n<p class=\"western\"><span style=\"color: #000000\">15:45<\/span><\/p>\n<\/td>\n<td style=\"border-color: #000000;text-align: center\" width=\"205\">\n<p class=\"western\"><span style=\"color: #000000\">S\u00d3WKI<\/span><\/p>\n<\/td>\n<td style=\"border-color: #000000;text-align: center\" width=\"100\">\n<p class=\"western\"><span style=\"color: #000000\">Sala 5<\/span><\/p>\n<\/td>\n<\/tr>\n<\/tbody>\n<\/table>\n<p class=\"western\"><br \/><br \/><\/p>\n","protected":false},"excerpt":{"rendered":"<p>Szanowni Rodzice! Dnia 02 wrze\u015bnia 2019 rozpoczynamy nowy rok szkolny w nowym Przedszkolu nr 23, kt\u00f3re mie\u015bci si\u0119 przy ul. Zwyci\u0119skiej 8a we Wroc\u0142awiu. Organem prowadz\u0105cym przedszkole jest Gmina Wroc\u0142aw, [&hellip;]<\/p>\n","protected":false},"author":77,"featured_media":1135,"comment_status":"closed","ping_status":"closed","sticky":false,"template":"","format":"standard","meta":{"footnotes":""},"categories":[3],"tags":[],"class_list":["post-1130","post","type-post","status-publish","format-standard","has-post-thumbnail","hentry","category-aktualnosci","clearfix"],"_links":{"self":[{"href":"https:\/\/przedszkole23.edu.wroclaw.pl\/index.php\/wp-json\/wp\/v2\/posts\/1130","targetHints":{"allow":["GET"]}}],"collection":[{"href":"https:\/\/przedszkole23.edu.wroclaw.pl\/index.php\/wp-json\/wp\/v2\/posts"}],"about":[{"href":"https:\/\/przedszkole23.edu.wroclaw.pl\/index.php\/wp-json\/wp\/v2\/types\/post"}],"author":[{"embeddable":true,"href":"https:\/\/przedszkole23.edu.wroclaw.pl\/index.php\/wp-json\/wp\/v2\/users\/77"}],"replies":[{"embeddable":true,"href":"https:\/\/przedszkole23.edu.wroclaw.pl\/index.php\/wp-json\/wp\/v2\/comments?post=1130"}],"version-history":[{"count":4,"href":"https:\/\/przedszkole23.edu.wroclaw.pl\/index.php\/wp-json\/wp\/v2\/posts\/1130\/revisions"}],"predecessor-version":[{"id":1136,"href":"https:\/\/przedszkole23.edu.wroclaw.pl\/index.php\/wp-json\/wp\/v2\/posts\/1130\/revisions\/1136"}],"wp:featuredmedia":[{"embeddable":true,"href":"https:\/\/przedszkole23.edu.wroclaw.pl\/index.php\/wp-json\/wp\/v2\/media\/1135"}],"wp:attachment":[{"href":"https:\/\/przedszkole23.edu.wroclaw.pl\/index.php\/wp-json\/wp\/v2\/media?parent=1130"}],"wp:term":[{"taxonomy":"category","embeddable":true,"href":"https:\/\/przedszkole23.edu.wroclaw.pl\/index.php\/wp-json\/wp\/v2\/categories?post=1130"},{"taxonomy":"post_tag","embeddable":true,"href":"https:\/\/przedszkole23.edu.wroclaw.pl\/index.php\/wp-json\/wp\/v2\/tags?post=1130"}],"curies":[{"name":"wp","href":"https:\/\/api.w.org\/{rel}","templated":true}]}}