
{"id":1278,"date":"2019-09-10T16:43:11","date_gmt":"2019-09-10T14:43:11","guid":{"rendered":"https:\/\/przedszkole23.edu.wroclaw.pl\/?p=1278"},"modified":"2019-10-27T17:19:13","modified_gmt":"2019-10-27T16:19:13","slug":"wydarzenia-wrzesien-2019","status":"publish","type":"post","link":"https:\/\/przedszkole23.edu.wroclaw.pl\/index.php\/2019\/09\/10\/wydarzenia-wrzesien-2019\/","title":{"rendered":"Wydarzenia wrzesie\u0144 2019"},"content":{"rendered":"\n<p align=\"center\"><span class=\"tadv-format-panel\" style=\"color: #ff0000\"><span class=\"tadv-format-panel\" style=\"font-size: large\"><i><b>WYDARZENIA W NASZYM PRZEDSZKOLU<\/b><\/i><\/span><\/span><\/p>\n<p align=\"center\"><span class=\"tadv-format-panel\" style=\"color: #ff0000\"><span class=\"tadv-format-panel\" style=\"font-size: large\"><i><b>WRZESIE\u0143 2019<\/b><\/i><\/span><\/span><\/p>\n<table style=\"border-color: #000000;width: 100%\" border=\"1\" width=\"100%\" cellspacing=\"0\" cellpadding=\"7\"><colgroup><col width=\"155\" \/> <col width=\"487\" \/> <col width=\"247\" \/> <\/colgroup>\n<tbody>\n<tr valign=\"top\">\n<td style=\"border-color: #000000\" width=\"155\">\n<p align=\"center\"><span class=\"tadv-format-panel\" style=\"font-size: large;color: #000000\"><i><b>Termin<\/b><\/i><\/span><\/p>\n<\/td>\n<td style=\"border-color: #000000\" width=\"487\">\n<p align=\"center\"><span class=\"tadv-format-panel\" style=\"font-size: large;color: #000000\"><i><b>Rodzaj<\/b><\/i><\/span><\/p>\n<\/td>\n<td style=\"border-color: #000000\" width=\"247\">\n<p align=\"center\"><span class=\"tadv-format-panel\" style=\"font-size: large;color: #000000\"><i><b>Op\u0142aty <\/b><\/i><\/span><\/p>\n<\/td>\n<\/tr>\n<tr>\n<td style=\"background: #ffc000;border-color: #000000\" colspan=\"3\" valign=\"top\" bgcolor=\"#ffc000\" width=\"917\">\n<p align=\"center\"><span class=\"tadv-format-panel\" style=\"font-size: large;color: #000000\"><i><b>DZIA\u0141ANIA WE WSP\u00d3\u0141PRACY Z RODZICAMI<\/b><\/i><\/span><\/p>\n<\/td>\n<\/tr>\n<tr valign=\"top\">\n<td style=\"background: #ffffff;border-color: #000000\" bgcolor=\"#ffffff\" width=\"155\">\n<p align=\"center\"><span class=\"tadv-format-panel\" style=\"font-size: large;color: #000000\"><i>23.09.2019<\/i><\/span><\/p>\n<p align=\"center\"><span class=\"tadv-format-panel\" style=\"font-size: large;color: #000000\"><i>poniedzia\u0142ek<\/i><\/span><\/p>\n<\/td>\n<td style=\"background: #ffffff;border-color: #000000\" bgcolor=\"#ffffff\" width=\"487\">\n<p align=\"center\"><span class=\"tadv-format-panel\" style=\"font-size: large;color: #000000\"><b>Udzia\u0142 w Og\u00f3lnopolskiej Akcji Sprz\u0105tanie \u015awiata- Polska 2019 \u201eNie \u015bmiecimy- sprz\u0105tamy- zmieniamy\u201d<\/b><\/span><\/p>\n<\/td>\n<td style=\"background: #ffffff;border-color: #000000\" bgcolor=\"#ffffff\" width=\"247\">\n<p align=\"center\"><a name=\"_GoBack\"><\/a><span class=\"tadv-format-panel\" style=\"font-size: large;color: #000000\"> <i>Rodzice przekazuj\u0105 r\u0119kawiczki i worki niezb\u0119dne podczas akcji Sprz\u0105tania \u015awiata<\/i><\/span><\/p>\n<\/td>\n<\/tr>\n<tr>\n<td style=\"background: #ffc000;border-color: #000000\" colspan=\"3\" valign=\"top\" bgcolor=\"#ffc000\" width=\"917\">\n<p align=\"center\"><span class=\"tadv-format-panel\" style=\"font-size: large;color: #000000\"><i><b>DZIA\u0141ANIA EDUKACYJNE W PRZEDSZKOLU<\/b><\/i><\/span><\/p>\n<\/td>\n<\/tr>\n<tr valign=\"top\">\n<td style=\"border-color: #000000\" width=\"155\">\n<p align=\"center\"><span class=\"tadv-format-panel\" style=\"font-size: large;color: #000000\"><i>10.09.2019 wtorek<\/i><\/span><\/p>\n<\/td>\n<td style=\"border-color: #000000\" width=\"487\">\n<p align=\"center\"><span class=\"tadv-format-panel\" style=\"font-family: Calibri, serif;color: #000000\"><span class=\"tadv-format-panel\" style=\"font-size: large\"><b>Spotkanie grup przedszkolnych ze stomatologiem w ramach Programu Profilaktyki Pr\u00f3chnicy Z\u0119b\u00f3w. Pani stomatolog b\u0119dzie prowadzi\u0142a tak\u017ce spotkanie z ch\u0119tnymi rodzicami od godziny 15:30.<\/b><\/span><\/span><\/p>\n<\/td>\n<td style=\"border-color: #000000\" width=\"247\">\n<p align=\"center\"><span class=\"tadv-format-panel\" style=\"font-size: large;color: #000000\"><i>Dzia\u0142ania w\u0142asne przedszkola<\/i><\/span><\/p>\n<\/td>\n<\/tr>\n<tr valign=\"top\">\n<td style=\"border-color: #000000\" width=\"155\">\n<p align=\"center\"><span class=\"tadv-format-panel\" style=\"font-size: large;color: #000000\"><i>16- 20.09.2019<\/i><\/span><\/p>\n<p align=\"center\"><span class=\"tadv-format-panel\" style=\"font-size: large;color: #000000\"><i>poniedzia\u0142ek- pi\u0105tek<\/i><\/span><\/p>\n<\/td>\n<td style=\"border-color: #000000\" width=\"487\">\n<p align=\"center\"><span class=\"tadv-format-panel\" style=\"font-family: Calibri, serif;color: #000000\"><span class=\"tadv-format-panel\" style=\"font-size: large\"><b>Projekt edukacyjny \u201eNa ratunek Ziemi, czujemy odpowiedzialno\u015b\u0107 za \u015brodowisko przyrodnicze\u201d<\/b><\/span><\/span><\/p>\n<\/td>\n<td style=\"border-color: #000000\" width=\"247\">\n<p align=\"center\"><span class=\"tadv-format-panel\" style=\"font-size: large;color: #000000\"><i>W ramach planu pracy<\/i><\/span><\/p>\n<p align=\"center\"><span class=\"tadv-format-panel\" style=\"font-size: large;color: #000000\"><i>Przedszkola<\/i><\/span><\/p>\n<\/td>\n<\/tr>\n<tr valign=\"top\">\n<td style=\"border-color: #000000\" width=\"155\">\n<p align=\"center\"><span class=\"tadv-format-panel\" style=\"font-size: large;color: #000000\"><i>20.09.2019 pi\u0105tek<\/i><\/span><\/p>\n<\/td>\n<td style=\"border-color: #000000\" width=\"487\">\n<p align=\"center\"><span class=\"tadv-format-panel\" style=\"font-family: Calibri, serif;color: #000000\"><span class=\"tadv-format-panel\" style=\"font-size: large\"><b>Warsztaty ekologiczne we wsp\u00f3\u0142pracy z firm\u0105 HP<\/b><\/span><\/span><\/p>\n<\/td>\n<td style=\"border-color: #000000\" width=\"247\">\n<p align=\"center\"><span class=\"tadv-format-panel\" style=\"font-size: large;color: #000000\"><i>Dzia\u0142ania w\u0142asne Przedszkola <\/i><\/span><\/p>\n<\/td>\n<\/tr>\n<tr valign=\"top\">\n<td style=\"border-color: #000000\" width=\"155\">\n<p align=\"center\"><span class=\"tadv-format-panel\" style=\"font-size: large;color: #000000\"><i>23.09.2019<\/i><\/span><\/p>\n<p align=\"center\"><span class=\"tadv-format-panel\" style=\"font-size: large;color: #000000\"><i>poniedzia\u0142ek <\/i><\/span><\/p>\n<\/td>\n<td style=\"border-color: #000000\" width=\"487\">\n<p align=\"center\"><span class=\"tadv-format-panel\" style=\"font-family: Calibri, serif;color: #000000\"><span class=\"tadv-format-panel\" style=\"font-size: large\"><b>Spotkanie z przedstawicielem Stra\u017cy Miejskiej w ramach kontynuacji programu dla dzieci \u201eMa\u0142y Ratownik\u201d (grupa Ta\u0144cz\u0105ce iskierki, Mali badacze i Sportowcy) <\/b><\/span><\/span><\/p>\n<\/td>\n<td style=\"border-color: #000000\" width=\"247\">\n<p align=\"center\"><span class=\"tadv-format-panel\" style=\"font-size: large;color: #000000\"><i>Dzia\u0142ania w\u0142asne przedszkola<\/i><\/span><\/p>\n<\/td>\n<\/tr>\n<\/tbody>\n<\/table>\n<p><br \/><br \/><\/p>\n","protected":false},"excerpt":{"rendered":"<p>WYDARZENIA W NASZYM PRZEDSZKOLU WRZESIE\u0143 2019 Termin Rodzaj Op\u0142aty DZIA\u0141ANIA WE WSP\u00d3\u0141PRACY Z RODZICAMI 23.09.2019 poniedzia\u0142ek Udzia\u0142 w Og\u00f3lnopolskiej Akcji Sprz\u0105tanie \u015awiata- Polska 2019 \u201eNie \u015bmiecimy- sprz\u0105tamy- zmieniamy\u201d Rodzice przekazuj\u0105 [&hellip;]<\/p>\n","protected":false},"author":77,"featured_media":1295,"comment_status":"closed","ping_status":"closed","sticky":false,"template":"","format":"standard","meta":{"footnotes":""},"categories":[3],"tags":[],"class_list":["post-1278","post","type-post","status-publish","format-standard","has-post-thumbnail","hentry","category-aktualnosci","clearfix"],"_links":{"self":[{"href":"https:\/\/przedszkole23.edu.wroclaw.pl\/index.php\/wp-json\/wp\/v2\/posts\/1278","targetHints":{"allow":["GET"]}}],"collection":[{"href":"https:\/\/przedszkole23.edu.wroclaw.pl\/index.php\/wp-json\/wp\/v2\/posts"}],"about":[{"href":"https:\/\/przedszkole23.edu.wroclaw.pl\/index.php\/wp-json\/wp\/v2\/types\/post"}],"author":[{"embeddable":true,"href":"https:\/\/przedszkole23.edu.wroclaw.pl\/index.php\/wp-json\/wp\/v2\/users\/77"}],"replies":[{"embeddable":true,"href":"https:\/\/przedszkole23.edu.wroclaw.pl\/index.php\/wp-json\/wp\/v2\/comments?post=1278"}],"version-history":[{"count":5,"href":"https:\/\/przedszkole23.edu.wroclaw.pl\/index.php\/wp-json\/wp\/v2\/posts\/1278\/revisions"}],"predecessor-version":[{"id":1297,"href":"https:\/\/przedszkole23.edu.wroclaw.pl\/index.php\/wp-json\/wp\/v2\/posts\/1278\/revisions\/1297"}],"wp:featuredmedia":[{"embeddable":true,"href":"https:\/\/przedszkole23.edu.wroclaw.pl\/index.php\/wp-json\/wp\/v2\/media\/1295"}],"wp:attachment":[{"href":"https:\/\/przedszkole23.edu.wroclaw.pl\/index.php\/wp-json\/wp\/v2\/media?parent=1278"}],"wp:term":[{"taxonomy":"category","embeddable":true,"href":"https:\/\/przedszkole23.edu.wroclaw.pl\/index.php\/wp-json\/wp\/v2\/categories?post=1278"},{"taxonomy":"post_tag","embeddable":true,"href":"https:\/\/przedszkole23.edu.wroclaw.pl\/index.php\/wp-json\/wp\/v2\/tags?post=1278"}],"curies":[{"name":"wp","href":"https:\/\/api.w.org\/{rel}","templated":true}]}}