
{"id":332,"date":"2017-10-19T17:14:46","date_gmt":"2017-10-19T15:14:46","guid":{"rendered":"https:\/\/przedszkole23.edu.wroclaw.pl\/?p=332"},"modified":"2017-10-19T17:25:04","modified_gmt":"2017-10-19T15:25:04","slug":"pasowanie-na-przedszkolaka","status":"publish","type":"post","link":"https:\/\/przedszkole23.edu.wroclaw.pl\/index.php\/2017\/10\/19\/pasowanie-na-przedszkolaka\/","title":{"rendered":"Pasowanie na Przedszkolaka"},"content":{"rendered":"<p><strong>Serdecznie zapraszamy na uroczysto\u015b\u0107 Pasowania na Przedszkolaka.<\/strong><\/p>\n<p>&nbsp;<\/p>\n<p>Pasowania odb\u0119d\u0105 si\u0119 w nast\u0119puj\u0105cych terminach:<\/p>\n<p>&nbsp;<\/p>\n<p>25.10.2017 r. godz. 15.00 \u015broda &#8211; grupa 8<\/p>\n<p>25.10.2017 r. godz. 16.00 \u015broda &#8211; grupa 3<\/p>\n<p>&nbsp;<\/p>\n<p>26.10.2017 r. godz. 15.00 czwartek &#8211; grupa 7<\/p>\n<p>26.10.2017 r. godz. 16.00 czwartek &#8211; grupa 2<\/p>\n<p>&nbsp;<\/p>\n<p>27.10.2017 r. godz. 15.00 pi\u0105tek &#8211; grupa 1<\/p>\n<p>27.10.2017 r. godz. 16.00 pi\u0105tek &#8211; grupa 4<\/p>\n<p>&nbsp;<\/p>\n<p>14.11.2017 r. godz.15.00 &#8211; wtorek &#8211; grupa 5<\/p>\n<p>14.11.2017 r. godz.16.00 &#8211; wtorek &#8211; grupa 6<\/p>\n","protected":false},"excerpt":{"rendered":"<p>Serdecznie zapraszamy na uroczysto\u015b\u0107 Pasowania na Przedszkolaka. &nbsp; Pasowania odb\u0119d\u0105 si\u0119 w nast\u0119puj\u0105cych terminach: &nbsp; 25.10.2017 r. godz. 15.00 \u015broda &#8211; grupa 8 25.10.2017 r. godz. 16.00 \u015broda &#8211; grupa [&hellip;]<\/p>\n","protected":false},"author":77,"featured_media":336,"comment_status":"open","ping_status":"open","sticky":false,"template":"","format":"standard","meta":{"footnotes":""},"categories":[3],"tags":[],"class_list":["post-332","post","type-post","status-publish","format-standard","has-post-thumbnail","hentry","category-aktualnosci","clearfix"],"_links":{"self":[{"href":"https:\/\/przedszkole23.edu.wroclaw.pl\/index.php\/wp-json\/wp\/v2\/posts\/332","targetHints":{"allow":["GET"]}}],"collection":[{"href":"https:\/\/przedszkole23.edu.wroclaw.pl\/index.php\/wp-json\/wp\/v2\/posts"}],"about":[{"href":"https:\/\/przedszkole23.edu.wroclaw.pl\/index.php\/wp-json\/wp\/v2\/types\/post"}],"author":[{"embeddable":true,"href":"https:\/\/przedszkole23.edu.wroclaw.pl\/index.php\/wp-json\/wp\/v2\/users\/77"}],"replies":[{"embeddable":true,"href":"https:\/\/przedszkole23.edu.wroclaw.pl\/index.php\/wp-json\/wp\/v2\/comments?post=332"}],"version-history":[{"count":3,"href":"https:\/\/przedszkole23.edu.wroclaw.pl\/index.php\/wp-json\/wp\/v2\/posts\/332\/revisions"}],"predecessor-version":[{"id":414,"href":"https:\/\/przedszkole23.edu.wroclaw.pl\/index.php\/wp-json\/wp\/v2\/posts\/332\/revisions\/414"}],"wp:featuredmedia":[{"embeddable":true,"href":"https:\/\/przedszkole23.edu.wroclaw.pl\/index.php\/wp-json\/wp\/v2\/media\/336"}],"wp:attachment":[{"href":"https:\/\/przedszkole23.edu.wroclaw.pl\/index.php\/wp-json\/wp\/v2\/media?parent=332"}],"wp:term":[{"taxonomy":"category","embeddable":true,"href":"https:\/\/przedszkole23.edu.wroclaw.pl\/index.php\/wp-json\/wp\/v2\/categories?post=332"},{"taxonomy":"post_tag","embeddable":true,"href":"https:\/\/przedszkole23.edu.wroclaw.pl\/index.php\/wp-json\/wp\/v2\/tags?post=332"}],"curies":[{"name":"wp","href":"https:\/\/api.w.org\/{rel}","templated":true}]}}