
{"id":4105,"date":"2020-07-03T13:19:00","date_gmt":"2020-07-03T11:19:00","guid":{"rendered":"https:\/\/przedszkole23.edu.wroclaw.pl\/?p=4105"},"modified":"2020-07-05T13:29:26","modified_gmt":"2020-07-05T11:29:26","slug":"wakacyjne-zyczenia","status":"publish","type":"post","link":"https:\/\/przedszkole23.edu.wroclaw.pl\/index.php\/2020\/07\/03\/wakacyjne-zyczenia\/","title":{"rendered":"WAKACYJNE \u017bYCZENIA"},"content":{"rendered":"\n<p align=\"center\"><span style=\"font-size: 300%;color: #000000\"><b>KOCHANE DZIECI, DRODZY RODZICE!<\/b><\/span><\/p>\n<p align=\"center\">\u00a0<\/p>\n<p align=\"center\"><span style=\"font-size: 300%;color: #000000\">Dzi\u0119kujemy za wsp\u00f3lnie sp\u0119dzony rok, <\/span><\/p>\n<p align=\"center\"><span style=\"font-size: 300%;color: #000000\">\u017cyczymy udanych wakacji,<\/span><\/p>\n<p align=\"center\"><span style=\"font-size: 300%;color: #000000\">do zobaczenia we wrze\u015bniu.<\/span><\/p>\n<p align=\"center\">\u00a0<\/p>\n<p align=\"center\"><span style=\"font-size: xx-large;color: #000000\"><i>Pracownicy Przedszkola nr 23<\/i><\/span><\/p>\n<p align=\"center\">\u00a0<\/p>\n<p><span style=\"font-size: xx-large;color: #000000\"><i>P.S.<\/i><\/span><\/p>\n<p><span style=\"font-size: xx-large;color: #000000\"><i>Informujemy, \u017ce w czasie wakacji grupy nadal s\u0105 \u0142\u0105czone.<\/i><\/span><\/p>\n","protected":false},"excerpt":{"rendered":"<p>KOCHANE DZIECI, DRODZY RODZICE! \u00a0 Dzi\u0119kujemy za wsp\u00f3lnie sp\u0119dzony rok, \u017cyczymy udanych wakacji, do zobaczenia we wrze\u015bniu. \u00a0 Pracownicy Przedszkola nr 23 \u00a0 P.S. Informujemy, \u017ce w czasie wakacji grupy [&hellip;]<\/p>\n","protected":false},"author":77,"featured_media":4104,"comment_status":"closed","ping_status":"closed","sticky":false,"template":"","format":"standard","meta":{"footnotes":""},"categories":[3],"tags":[],"class_list":["post-4105","post","type-post","status-publish","format-standard","has-post-thumbnail","hentry","category-aktualnosci","clearfix"],"_links":{"self":[{"href":"https:\/\/przedszkole23.edu.wroclaw.pl\/index.php\/wp-json\/wp\/v2\/posts\/4105","targetHints":{"allow":["GET"]}}],"collection":[{"href":"https:\/\/przedszkole23.edu.wroclaw.pl\/index.php\/wp-json\/wp\/v2\/posts"}],"about":[{"href":"https:\/\/przedszkole23.edu.wroclaw.pl\/index.php\/wp-json\/wp\/v2\/types\/post"}],"author":[{"embeddable":true,"href":"https:\/\/przedszkole23.edu.wroclaw.pl\/index.php\/wp-json\/wp\/v2\/users\/77"}],"replies":[{"embeddable":true,"href":"https:\/\/przedszkole23.edu.wroclaw.pl\/index.php\/wp-json\/wp\/v2\/comments?post=4105"}],"version-history":[{"count":7,"href":"https:\/\/przedszkole23.edu.wroclaw.pl\/index.php\/wp-json\/wp\/v2\/posts\/4105\/revisions"}],"predecessor-version":[{"id":4118,"href":"https:\/\/przedszkole23.edu.wroclaw.pl\/index.php\/wp-json\/wp\/v2\/posts\/4105\/revisions\/4118"}],"wp:featuredmedia":[{"embeddable":true,"href":"https:\/\/przedszkole23.edu.wroclaw.pl\/index.php\/wp-json\/wp\/v2\/media\/4104"}],"wp:attachment":[{"href":"https:\/\/przedszkole23.edu.wroclaw.pl\/index.php\/wp-json\/wp\/v2\/media?parent=4105"}],"wp:term":[{"taxonomy":"category","embeddable":true,"href":"https:\/\/przedszkole23.edu.wroclaw.pl\/index.php\/wp-json\/wp\/v2\/categories?post=4105"},{"taxonomy":"post_tag","embeddable":true,"href":"https:\/\/przedszkole23.edu.wroclaw.pl\/index.php\/wp-json\/wp\/v2\/tags?post=4105"}],"curies":[{"name":"wp","href":"https:\/\/api.w.org\/{rel}","templated":true}]}}