
{"id":4238,"date":"2020-10-08T00:14:43","date_gmt":"2020-10-07T22:14:43","guid":{"rendered":"https:\/\/przedszkole23.edu.wroclaw.pl\/?p=4238"},"modified":"2020-10-08T00:14:45","modified_gmt":"2020-10-07T22:14:45","slug":"wydarzenia-pazdziernik-2020","status":"publish","type":"post","link":"https:\/\/przedszkole23.edu.wroclaw.pl\/index.php\/2020\/10\/08\/wydarzenia-pazdziernik-2020\/","title":{"rendered":"Wydarzenia pa\u017adziernik 2020"},"content":{"rendered":"\n<p align=\"center\"><span style=\"color: #ff0000\"><span style=\"font-size: large\"><i><b>WYDARZENIA W NASZYM PRZEDSZKOLU<\/b><\/i><\/span><\/span><\/p>\n<p align=\"center\"><span style=\"color: #ff0000\"><span style=\"font-size: large\"><i><b>PA\u0179DZIERNIK 2020<\/b><\/i><\/span><\/span><\/p>\n<table style=\"border-color: #000000\" border=\"1\" cellspacing=\"0\" cellpadding=\"7\">\n<tbody>\n<tr valign=\"top\">\n<td style=\"border-color: #000000\" width=\"146\">\n<p align=\"center\"><span style=\"font-size: large;color: #000000\"><i><b>Termin<\/b><\/i><\/span><\/p>\n<\/td>\n<td style=\"border-color: #000000\" width=\"534\">\n<p align=\"center\"><span style=\"font-size: large;color: #000000\"><i><b>Rodzaj<\/b><\/i><\/span><\/p>\n<\/td>\n<td style=\"border-color: #000000\" width=\"259\">\n<p align=\"center\"><span style=\"font-size: large;color: #000000\"><i><b>Op\u0142aty <\/b><\/i><\/span><\/p>\n<\/td>\n<\/tr>\n<tr>\n<td style=\"background: #ffc000;border-color: #000000\" colspan=\"3\" valign=\"top\" bgcolor=\"#ffc000\" width=\"967\" height=\"23\">\n<p align=\"center\"><span style=\"font-size: large;color: #000000\"><i><b>DZIA\u0141ANIA EDUKACYJNE W PRZEDSZKOLU<\/b><\/i><\/span><\/p>\n<\/td>\n<\/tr>\n<tr valign=\"top\">\n<td style=\"border-color: #000000\" width=\"146\" height=\"90\">\n<p align=\"center\"><span style=\"font-size: large;color: #000000\">12-16.10.2020<\/span><\/p>\n<p align=\"center\"><span style=\"font-size: large;color: #000000\"><i>poniedzia\u0142ek- pi\u0105tek<\/i><\/span><\/p>\n<\/td>\n<td style=\"border-color: #000000\" width=\"534\">\n<p align=\"center\"><span style=\"font-family: Calibri, serif;color: #000000\"><span style=\"font-size: large\"><b>Projekt edukacyjny <\/b><\/span><\/span><\/p>\n<p align=\"center\"><span style=\"color: #000000\">\u201e<span style=\"font-family: Calibri, serif\"><span style=\"font-size: large\"><b>Rzeczy zwyk\u0142e s\u0105 niezwyk\u0142e \u2013 jak powstaje chleb? <\/b><\/span><\/span><\/span><\/p>\n<p align=\"center\"><span style=\"font-family: Calibri, serif;color: #000000\"><span style=\"font-size: large\"><b>Zdrowa dieta przedszkolaka\u201d.<\/b><\/span><\/span><\/p>\n<\/td>\n<td style=\"border-color: #000000\" width=\"259\">\n<p align=\"center\"><span style=\"font-size: large;color: #000000\"><i>W ramach planu pracy<\/i><\/span><\/p>\n<p align=\"center\"><span style=\"font-size: large;color: #000000\"><i>Przedszkola<\/i><\/span><\/p>\n<\/td>\n<\/tr>\n<tr valign=\"top\">\n<td style=\"border-color: #000000\" width=\"146\" height=\"89\">\n<p align=\"center\"><span style=\"font-size: large;color: #000000\"><i>20 -21. 10.2020<\/i><\/span><\/p>\n<p align=\"center\"><span style=\"font-size: large;color: #000000\"><i>wtorek- \u015broda<\/i><\/span><\/p>\n<\/td>\n<td style=\"border-color: #000000\" width=\"534\">\n<p align=\"center\"><span style=\"font-family: Calibri, serif;color: #000000\"><span style=\"font-size: large\"><b>Warsztaty ekologiczne <\/b><\/span><\/span><\/p>\n<p align=\"center\"><span style=\"color: #000000\">\u201e<span style=\"font-family: Calibri, serif\"><span style=\"font-size: large\"><b>Nowoczesna edukacja ekologiczna dla dzieci przedszkolnych, ze szczeg\u00f3lnym naciskiem na segregacj\u0119 odpad\u00f3w komunalnych i ponowne przetworzenie <\/b><\/span><\/span><\/span><\/p>\n<p align=\"center\"><span style=\"font-family: Calibri, serif;color: #000000\"><span style=\"font-size: large\"><b>czyli recykling\u201d.<\/b><\/span><\/span><\/p>\n<\/td>\n<td style=\"border-color: #000000\" width=\"259\">\n<p align=\"center\"><span style=\"font-size: large;color: #000000\"><i>W ramach planu pracy<\/i><\/span><\/p>\n<p align=\"center\"><span style=\"font-size: large;color: #000000\"><i>Przedszkola, we wsp\u00f3\u0142pracy z\u00a0Urz\u0119dem Miasta Wroc\u0142aw i\u00a0Sp\u00f3\u0142k\u0105 Ekosystem. <\/i><\/span><\/p>\n<p align=\"center\"><span style=\"color: #000000\"><span style=\"font-size: large\"><i>Projekt dofinansowany ze \u015brodk\u00f3w Wojew\u00f3dzkiego Funduszu Ochrony \u015arodowiska i Gospodarki Wodnej we Wroc\u0142awiu<\/i><\/span><\/span><\/p>\n<\/td>\n<\/tr>\n<\/tbody>\n<\/table>\n<p><br \/><br \/><\/p>\n","protected":false},"excerpt":{"rendered":"<p>WYDARZENIA W NASZYM PRZEDSZKOLU PA\u0179DZIERNIK 2020 Termin Rodzaj Op\u0142aty DZIA\u0141ANIA EDUKACYJNE W PRZEDSZKOLU 12-16.10.2020 poniedzia\u0142ek- pi\u0105tek Projekt edukacyjny \u201eRzeczy zwyk\u0142e s\u0105 niezwyk\u0142e \u2013 jak powstaje chleb? Zdrowa dieta przedszkolaka\u201d. W [&hellip;]<\/p>\n","protected":false},"author":77,"featured_media":4239,"comment_status":"closed","ping_status":"closed","sticky":false,"template":"","format":"standard","meta":{"footnotes":""},"categories":[3],"tags":[],"class_list":["post-4238","post","type-post","status-publish","format-standard","has-post-thumbnail","hentry","category-aktualnosci","clearfix"],"_links":{"self":[{"href":"https:\/\/przedszkole23.edu.wroclaw.pl\/index.php\/wp-json\/wp\/v2\/posts\/4238","targetHints":{"allow":["GET"]}}],"collection":[{"href":"https:\/\/przedszkole23.edu.wroclaw.pl\/index.php\/wp-json\/wp\/v2\/posts"}],"about":[{"href":"https:\/\/przedszkole23.edu.wroclaw.pl\/index.php\/wp-json\/wp\/v2\/types\/post"}],"author":[{"embeddable":true,"href":"https:\/\/przedszkole23.edu.wroclaw.pl\/index.php\/wp-json\/wp\/v2\/users\/77"}],"replies":[{"embeddable":true,"href":"https:\/\/przedszkole23.edu.wroclaw.pl\/index.php\/wp-json\/wp\/v2\/comments?post=4238"}],"version-history":[{"count":1,"href":"https:\/\/przedszkole23.edu.wroclaw.pl\/index.php\/wp-json\/wp\/v2\/posts\/4238\/revisions"}],"predecessor-version":[{"id":4240,"href":"https:\/\/przedszkole23.edu.wroclaw.pl\/index.php\/wp-json\/wp\/v2\/posts\/4238\/revisions\/4240"}],"wp:featuredmedia":[{"embeddable":true,"href":"https:\/\/przedszkole23.edu.wroclaw.pl\/index.php\/wp-json\/wp\/v2\/media\/4239"}],"wp:attachment":[{"href":"https:\/\/przedszkole23.edu.wroclaw.pl\/index.php\/wp-json\/wp\/v2\/media?parent=4238"}],"wp:term":[{"taxonomy":"category","embeddable":true,"href":"https:\/\/przedszkole23.edu.wroclaw.pl\/index.php\/wp-json\/wp\/v2\/categories?post=4238"},{"taxonomy":"post_tag","embeddable":true,"href":"https:\/\/przedszkole23.edu.wroclaw.pl\/index.php\/wp-json\/wp\/v2\/tags?post=4238"}],"curies":[{"name":"wp","href":"https:\/\/api.w.org\/{rel}","templated":true}]}}