
{"id":4371,"date":"2020-11-10T21:28:29","date_gmt":"2020-11-10T20:28:29","guid":{"rendered":"https:\/\/przedszkole23.edu.wroclaw.pl\/?p=4371"},"modified":"2020-11-23T22:27:46","modified_gmt":"2020-11-23T21:27:46","slug":"wydarzenia-listopad-2020","status":"publish","type":"post","link":"https:\/\/przedszkole23.edu.wroclaw.pl\/index.php\/2020\/11\/10\/wydarzenia-listopad-2020\/","title":{"rendered":"Wydarzenia listopad 2020"},"content":{"rendered":"<div class=\"wpb-content-wrapper\"><p>[vc_row][vc_column][vc_column_text css=&#8221;.vc_custom_1606163177278{margin-right: 400px !important;}&#8221;]<\/p>\n<p align=\"center\"><span style=\"color: #ff0000\"><span style=\"font-size: large\"><i><b>WYDARZENIA W NASZYM PRZEDSZKOLU<\/b><\/i><\/span><\/span><\/p>\n<p align=\"center\"><span style=\"color: #ff0000\"><span style=\"font-size: large\"><i><b>LISTOPAD 2020<\/b><\/i><\/span><\/span><\/p>\n<table class=\"aligncenter\" style=\"border-color: #000000\" border=\"1\" cellspacing=\"0\" cellpadding=\"7\">\n<tbody>\n<tr valign=\"top\">\n<td style=\"border-color: #000000\" width=\"146\">\n<p align=\"center\"><span style=\"font-size: large;color: #000000\"><i><b>Termin<\/b><\/i><\/span><\/p>\n<\/td>\n<td style=\"border-color: #000000\" width=\"534\">\n<p align=\"center\"><span style=\"font-size: large;color: #000000\"><i><b>Rodzaj<\/b><\/i><\/span><\/p>\n<\/td>\n<td style=\"border-color: #000000\" width=\"306\">\n<p align=\"center\"><span style=\"font-size: large;color: #000000\"><i><b>Op\u0142aty <\/b><\/i><\/span><\/p>\n<\/td>\n<\/tr>\n<tr>\n<td style=\"background: #ffc000;border-color: #000000\" colspan=\"3\" valign=\"top\" bgcolor=\"#ffc000\" width=\"1014\">\n<p align=\"center\"><span style=\"font-size: large;color: #000000\"><i><b>DZIA\u0141ANIA EDUKACYJNE W PRZEDSZKOLU <\/b><\/i><\/span><\/p>\n<\/td>\n<\/tr>\n<tr valign=\"top\">\n<td style=\"background: #ffffff;border-color: #000000\" bgcolor=\"#ffffff\" width=\"146\" height=\"99\">\n<p align=\"center\"><span style=\"font-size: large;color: #000000\"><i>10.11.2020<\/i><\/span><\/p>\n<p align=\"center\"><span style=\"font-size: large;color: #000000\"><i>poniedzia\u0142ek<\/i><\/span><\/p>\n<\/td>\n<td style=\"background: #ffffff;border-color: #000000\" bgcolor=\"#ffffff\" width=\"534\">\n<p align=\"center\"><span style=\"font-size: large;color: #000000\"><b>Udzia\u0142 wszystkich grup przedszkolnych w <\/b><\/span><\/p>\n<p align=\"center\"><span style=\"color: #000000\"><span style=\"font-size: large\"><b>OG\u00d3LNOPOLSKIEJ AKCJI SZKO\u0141A <\/b><\/span><span style=\"font-size: large\"><b>DO HYMNU- <\/b><\/span><\/span><\/p>\n<p align=\"center\"><span style=\"font-size: large;color: #000000\"><b>wsp\u00f3lne od\u015bpiewanie w ka\u017cdej grupie <\/b><\/span><\/p>\n<p align=\"center\"><span style=\"color: #000000\">\u201e<span style=\"font-size: large\"><b>Mazurka D\u0105browskiego\u201d <\/b><\/span><\/span><\/p>\n<\/td>\n<td style=\"background: #ffffff;border-color: #000000\" bgcolor=\"#ffffff\" width=\"306\">\n<p align=\"center\"><span style=\"font-size: large;color: #000000\"><i>W ramach planu pracy<\/i><\/span><\/p>\n<p align=\"center\"><span style=\"font-size: large;color: #000000\"><i>Przedszkola<\/i><\/span><\/p>\n<\/td>\n<\/tr>\n<tr valign=\"top\">\n<td style=\"border-color: #000000\" width=\"146\" height=\"124\">\n<p align=\"center\"><span style=\"font-size: large;color: #000000\"><i>20.11.2020<\/i><\/span><\/p>\n<p align=\"center\"><span style=\"font-size: large;color: #000000\"><i>pi\u0105tek<\/i><\/span><\/p>\n<\/td>\n<td style=\"border-color: #000000\" width=\"534\">\n<p align=\"center\"><span style=\"font-family: Calibri, serif;color: #000000\"><span style=\"font-size: large\"><b>OG\u00d3LNOPOLSKI<\/b><\/span><span style=\"font-size: large\"><b> DZIE\u0143 PRAW DZIECKA.<\/b><\/span><\/span><\/p>\n<p align=\"center\"><span style=\"color: #000000\"> <span style=\"font-family: Calibri, serif\"><span style=\"font-size: large\"><b>Zaj\u0119cia na temat<\/b><\/span><\/span><\/span><\/p>\n<p align=\"center\"><span style=\"color: #000000\">\u201e<span style=\"font-family: Calibri, serif\"><span style=\"font-size: large\"><b>M\u0142ody cz\u0142owieku- to nie zabawa! <\/b><\/span><\/span><\/span><\/p>\n<p align=\"center\"><span style=\"font-family: Calibri, serif;color: #000000\"><span style=\"font-size: large\"><b>Masz prawo wiedzie\u0107, jakie masz prawa \u201d.<\/b><\/span><\/span><\/p>\n<\/td>\n<td style=\"border-color: #000000\" width=\"306\">\n<p align=\"center\"><span style=\"font-size: large;color: #000000\"><i>W ramach planu pracy<\/i><\/span><\/p>\n<p align=\"center\"><span style=\"font-size: large;color: #000000\"><i>Przedszkola<\/i><\/span><\/p>\n<\/td>\n<\/tr>\n<tr valign=\"top\">\n<td style=\"border-color: #000000\" width=\"146\" height=\"89\">\n<p align=\"center\"><span style=\"font-size: large;color: #000000\"><i>23-27.11.2020<\/i><\/span><\/p>\n<p align=\"center\"><span style=\"font-size: large;color: #000000\"><i>poniedzia\u0142ek- pi\u0105tek<\/i><\/span><\/p>\n<\/td>\n<td style=\"border-color: #000000\" width=\"534\">\n<p align=\"center\"><span style=\"font-family: Calibri, serif;color: #000000\"><span style=\"font-size: large\"><b>Projekt edukacyjny <\/b><\/span><\/span><\/p>\n<p align=\"center\"><span style=\"color: #000000\">\u201e<span style=\"font-family: Calibri, serif\"><span style=\"font-size: large\"><b>Witajcie w naszej bajce\u201d.<\/b><\/span><\/span><\/span><\/p>\n<\/td>\n<td style=\"border-color: #000000\" width=\"306\">\n<p align=\"center\"><span style=\"font-size: large;color: #000000\"><i>W ramach planu pracy<\/i><\/span><\/p>\n<p align=\"center\"><span style=\"font-size: large;color: #000000\"><i>Przedszkola<\/i><\/span><\/p>\n<\/td>\n<\/tr>\n<\/tbody>\n<\/table>\n<p>[\/vc_column_text][\/vc_column][\/vc_row]<\/p>\n<\/div>","protected":false},"excerpt":{"rendered":"<p>[vc_row][vc_column][vc_column_text css=&#8221;.vc_custom_1606163177278{margin-right: 400px !important;}&#8221;] WYDARZENIA W NASZYM PRZEDSZKOLU LISTOPAD 2020 Termin Rodzaj Op\u0142aty DZIA\u0141ANIA EDUKACYJNE W PRZEDSZKOLU 10.11.2020 poniedzia\u0142ek Udzia\u0142 wszystkich grup przedszkolnych w OG\u00d3LNOPOLSKIEJ AKCJI SZKO\u0141A DO HYMNU- wsp\u00f3lne [&hellip;]<\/p>\n","protected":false},"author":77,"featured_media":4377,"comment_status":"closed","ping_status":"closed","sticky":false,"template":"","format":"standard","meta":{"footnotes":""},"categories":[3],"tags":[],"class_list":["post-4371","post","type-post","status-publish","format-standard","has-post-thumbnail","hentry","category-aktualnosci","clearfix"],"_links":{"self":[{"href":"https:\/\/przedszkole23.edu.wroclaw.pl\/index.php\/wp-json\/wp\/v2\/posts\/4371","targetHints":{"allow":["GET"]}}],"collection":[{"href":"https:\/\/przedszkole23.edu.wroclaw.pl\/index.php\/wp-json\/wp\/v2\/posts"}],"about":[{"href":"https:\/\/przedszkole23.edu.wroclaw.pl\/index.php\/wp-json\/wp\/v2\/types\/post"}],"author":[{"embeddable":true,"href":"https:\/\/przedszkole23.edu.wroclaw.pl\/index.php\/wp-json\/wp\/v2\/users\/77"}],"replies":[{"embeddable":true,"href":"https:\/\/przedszkole23.edu.wroclaw.pl\/index.php\/wp-json\/wp\/v2\/comments?post=4371"}],"version-history":[{"count":5,"href":"https:\/\/przedszkole23.edu.wroclaw.pl\/index.php\/wp-json\/wp\/v2\/posts\/4371\/revisions"}],"predecessor-version":[{"id":4376,"href":"https:\/\/przedszkole23.edu.wroclaw.pl\/index.php\/wp-json\/wp\/v2\/posts\/4371\/revisions\/4376"}],"wp:featuredmedia":[{"embeddable":true,"href":"https:\/\/przedszkole23.edu.wroclaw.pl\/index.php\/wp-json\/wp\/v2\/media\/4377"}],"wp:attachment":[{"href":"https:\/\/przedszkole23.edu.wroclaw.pl\/index.php\/wp-json\/wp\/v2\/media?parent=4371"}],"wp:term":[{"taxonomy":"category","embeddable":true,"href":"https:\/\/przedszkole23.edu.wroclaw.pl\/index.php\/wp-json\/wp\/v2\/categories?post=4371"},{"taxonomy":"post_tag","embeddable":true,"href":"https:\/\/przedszkole23.edu.wroclaw.pl\/index.php\/wp-json\/wp\/v2\/tags?post=4371"}],"curies":[{"name":"wp","href":"https:\/\/api.w.org\/{rel}","templated":true}]}}