
{"id":4525,"date":"2021-01-12T23:35:11","date_gmt":"2021-01-12T22:35:11","guid":{"rendered":"https:\/\/przedszkole23.edu.wroclaw.pl\/?p=4525"},"modified":"2021-01-12T23:37:22","modified_gmt":"2021-01-12T22:37:22","slug":"wydarzenia-styczen-2021","status":"publish","type":"post","link":"https:\/\/przedszkole23.edu.wroclaw.pl\/index.php\/2021\/01\/12\/wydarzenia-styczen-2021\/","title":{"rendered":"Wydarzenia stycze\u0144 2021"},"content":{"rendered":"<div class=\"wpb-content-wrapper\"><p>[vc_row][vc_column][vc_column_text css=&#8221;.vc_custom_1610491007205{margin-right: 400px !important;}&#8221;]<\/p>\n<p align=\"center\"><span style=\"color: #ff0000\"><span style=\"font-size: large\"><i><b>WYDARZENIA W NASZYM PRZEDSZKOLU<\/b><\/i><\/span><\/span><\/p>\n<p align=\"center\"><span style=\"color: #ff0000\"><span style=\"font-size: large\"><i><b>stycze\u0144 2021<\/b><\/i><\/span><\/span><\/p>\n<table style=\"border-color: #000000\" border=\"1\" cellspacing=\"0\" cellpadding=\"7\">\n<tbody>\n<tr style=\"border-color: #000000\">\n<td style=\"background: #ffc000\" colspan=\"3\" valign=\"top\" bgcolor=\"#ffc000\" width=\"1005\">\n<p align=\"center\"><span style=\"font-size: large;color: #000000\"><i><b>DZIA\u0141ANIA EDUKACYJNE W PRZEDSZKOLU<\/b><\/i><\/span><\/p>\n<\/td>\n<\/tr>\n<tr style=\"border-color: #000000\" valign=\"top\">\n<td width=\"136\">\n<p align=\"center\"><span style=\"font-size: large;color: #000000\"><i><b>Termin<\/b><\/i><\/span><\/p>\n<\/td>\n<td width=\"506\">\n<p align=\"center\"><span style=\"font-size: large;color: #000000\"><i><b>Rodzaj<\/b><\/i><\/span><\/p>\n<\/td>\n<td width=\"335\">\n<p align=\"center\"><span style=\"font-size: large;color: #000000\"><i><b>Op\u0142aty <\/b><\/i><\/span><\/p>\n<\/td>\n<\/tr>\n<tr style=\"border-color: #000000\" valign=\"top\">\n<td width=\"136\" height=\"83\">\n<p align=\"center\"><span style=\"font-size: large;color: #000000\"><i><b>20.01.2021<\/b><\/i><\/span><\/p>\n<p align=\"center\"><span style=\"font-size: large;color: #000000\"><i><b>\u015broda<\/b><\/i><\/span><\/p>\n<p align=\"center\">\n<\/td>\n<td width=\"506\">\n<p align=\"center\"><span style=\"font-size: large;color: #000000\"><b>Bal Karnawa\u0142owy indywidualny dla ka\u017cdej grupy.<\/b><\/span><\/p>\n<\/td>\n<td width=\"335\">\n<p align=\"center\"><span style=\"font-size: large;color: #000000\"><i>W ramach planu pracy<\/i><\/span><\/p>\n<p align=\"center\"><span style=\"font-size: large;color: #000000\"><i>Przedszkola<\/i><\/span><\/p>\n<\/td>\n<\/tr>\n<tr style=\"border-color: #000000\" valign=\"top\">\n<td width=\"136\" height=\"89\">\n<p align=\"center\"><span style=\"font-size: large;color: #000000\"><i><b>21-22.01.2021<\/b><\/i><\/span><\/p>\n<p align=\"center\"><span style=\"font-size: large;color: #000000\"><i><b>czwartek- pi\u0105tek <\/b><\/i><\/span><\/p>\n<\/td>\n<td width=\"506\">\n<p align=\"center\"><span style=\"font-family: Calibri, serif;color: #000000\"><span style=\"font-size: large\"><b>Prezenty z okazji Dnia Babci i Dziadka.<\/b><\/span><\/span><\/p>\n<\/td>\n<td width=\"335\">\n<p align=\"center\"><span style=\"font-size: large;color: #000000\"><i>W ramach planu pracy<\/i><\/span><\/p>\n<p align=\"center\"><span style=\"font-size: large;color: #000000\"><i>Przedszkola<\/i><\/span><\/p>\n<\/td>\n<\/tr>\n<tr style=\"border-color: #000000\" valign=\"top\">\n<td width=\"136\" height=\"91\">\n<p align=\"center\"><span style=\"font-family: Calibri, serif;color: #000000\"><span style=\"font-size: large\"><b>25-29-01.2021<\/b><\/span><\/span><\/p>\n<p align=\"center\"><span style=\"font-size: large;color: #000000\"><i><b>poniedzia\u0142ek- pi\u0105tek <\/b><\/i><\/span><\/p>\n<\/td>\n<td width=\"506\">\n<p align=\"center\"><span style=\"font-size: large;color: #000000\"><b>Projekt edukacyjny<\/b><\/span><\/p>\n<p align=\"center\"><span style=\"font-family: Calibri, serif;color: #000000\"><span style=\"font-size: large\"><b>Zakupy planujemy, m\u0105drze wydajemy! <\/b><\/span><\/span><\/p>\n<p align=\"center\"><span style=\"color: #000000\">\u2013 <span style=\"font-family: Calibri, serif\"><span style=\"font-size: large\"><b>poznajemy warto\u015b\u0107 pieni\u0105dza<\/b><\/span><\/span><\/span><\/p>\n<\/td>\n<td width=\"335\">\n<p align=\"center\"><span style=\"font-size: large;color: #000000\"><i>W ramach planu pracy<\/i><\/span><\/p>\n<p align=\"center\"><span style=\"font-size: large;color: #000000\"><i>Przedszkola<\/i><\/span><\/p>\n<\/td>\n<\/tr>\n<\/tbody>\n<\/table>\n<p>[\/vc_column_text][\/vc_column][\/vc_row]<\/p>\n<\/div>","protected":false},"excerpt":{"rendered":"<p>[vc_row][vc_column][vc_column_text css=&#8221;.vc_custom_1610491007205{margin-right: 400px !important;}&#8221;] WYDARZENIA W NASZYM PRZEDSZKOLU stycze\u0144 2021 DZIA\u0141ANIA EDUKACYJNE W PRZEDSZKOLU Termin Rodzaj Op\u0142aty 20.01.2021 \u015broda Bal Karnawa\u0142owy indywidualny dla ka\u017cdej grupy. W ramach planu pracy Przedszkola [&hellip;]<\/p>\n","protected":false},"author":77,"featured_media":4526,"comment_status":"closed","ping_status":"closed","sticky":false,"template":"","format":"standard","meta":{"footnotes":""},"categories":[3],"tags":[],"class_list":["post-4525","post","type-post","status-publish","format-standard","has-post-thumbnail","hentry","category-aktualnosci","clearfix"],"_links":{"self":[{"href":"https:\/\/przedszkole23.edu.wroclaw.pl\/index.php\/wp-json\/wp\/v2\/posts\/4525","targetHints":{"allow":["GET"]}}],"collection":[{"href":"https:\/\/przedszkole23.edu.wroclaw.pl\/index.php\/wp-json\/wp\/v2\/posts"}],"about":[{"href":"https:\/\/przedszkole23.edu.wroclaw.pl\/index.php\/wp-json\/wp\/v2\/types\/post"}],"author":[{"embeddable":true,"href":"https:\/\/przedszkole23.edu.wroclaw.pl\/index.php\/wp-json\/wp\/v2\/users\/77"}],"replies":[{"embeddable":true,"href":"https:\/\/przedszkole23.edu.wroclaw.pl\/index.php\/wp-json\/wp\/v2\/comments?post=4525"}],"version-history":[{"count":3,"href":"https:\/\/przedszkole23.edu.wroclaw.pl\/index.php\/wp-json\/wp\/v2\/posts\/4525\/revisions"}],"predecessor-version":[{"id":4529,"href":"https:\/\/przedszkole23.edu.wroclaw.pl\/index.php\/wp-json\/wp\/v2\/posts\/4525\/revisions\/4529"}],"wp:featuredmedia":[{"embeddable":true,"href":"https:\/\/przedszkole23.edu.wroclaw.pl\/index.php\/wp-json\/wp\/v2\/media\/4526"}],"wp:attachment":[{"href":"https:\/\/przedszkole23.edu.wroclaw.pl\/index.php\/wp-json\/wp\/v2\/media?parent=4525"}],"wp:term":[{"taxonomy":"category","embeddable":true,"href":"https:\/\/przedszkole23.edu.wroclaw.pl\/index.php\/wp-json\/wp\/v2\/categories?post=4525"},{"taxonomy":"post_tag","embeddable":true,"href":"https:\/\/przedszkole23.edu.wroclaw.pl\/index.php\/wp-json\/wp\/v2\/tags?post=4525"}],"curies":[{"name":"wp","href":"https:\/\/api.w.org\/{rel}","templated":true}]}}