
{"id":4722,"date":"2021-03-19T23:59:11","date_gmt":"2021-03-19T22:59:11","guid":{"rendered":"https:\/\/przedszkole23.edu.wroclaw.pl\/?p=4722"},"modified":"2021-05-21T00:01:33","modified_gmt":"2021-05-20T22:01:33","slug":"program-bezpieczny-dolnoslazak","status":"publish","type":"post","link":"https:\/\/przedszkole23.edu.wroclaw.pl\/index.php\/2021\/03\/19\/program-bezpieczny-dolnoslazak\/","title":{"rendered":"PROGRAM BEZPIECZNY DOLNO\u015aL\u0104ZAK"},"content":{"rendered":"<div class=\"wpb-content-wrapper\"><p>[vc_row][vc_column][vc_column_text css=&#8221;.vc_custom_1621548047211{margin-right: 400px !important;}&#8221;]<span style=\"font-family: georgia, palatino, serif;color: #000000;font-size: 12pt\">W roku szkolnym 2020\/21\u00a0 Przedszkole nr 23 uczestniczy w Programie ,,Bezpieczny\u00a0 Dolno\u015bl\u0105zak&#8221; . Organizatorem Programu jest Marsza\u0142ek Wojew\u00f3dztwa Dolno\u015bl\u0105skiego.\u00a0 <\/span><\/p>\n<p><span style=\"font-family: georgia, palatino, serif;color: #000000;font-size: 12pt\">Cele programu:<\/span><\/p>\n<ul>\n<li><span style=\"font-family: georgia, palatino, serif;color: #000000;font-size: 12pt\">nabywanie i utrwalanie praktycznych umiej\u0119tno\u015bci w zakresie bezpiecznego zachowania oraz umiej\u0119tno\u015bci wsp\u00f3\u0142dzia\u0142ania ze\u00a0 s\u0142u\u017cbami i organizacjami powo\u0142anymi w celu zapewnienia bezpiecze\u0144stwa,<\/span><\/li>\n<li><span style=\"font-family: georgia, palatino, serif;color: #000000;font-size: 12pt\">wsparcie przedszkoli w projektowaniu dzia\u0142a\u0144 -maj\u0105cych na celu podniesienie \u015bwiadomo\u015bci dzieci na temat bezpiecznych zachowa\u0144.<\/span><\/li>\n<\/ul>\n<p align=\"justify\"><span style=\"color: #000000;font-size: 12pt;font-family: georgia, palatino, serif\">Projekt edukacyjny realizowany w Przedszkolu nr 23 w ramach Programu ..Bezpieczny Dolno\u015bl\u0105zak&#8221; zosta\u0142 zatytu\u0142owany:\u00a0,<i><b>,Nasz przedszkolak zawsze wie, jak bezpiecznie zachowa\u0107 si\u0119\u201d. <\/b><\/i>Program realizujemy podczas zaj\u0119\u0107 dydaktyczno- wychowawczych w grupach. <\/span><\/p>\n<p><span style=\"font-family: georgia, palatino, serif;color: #000000;font-size: 12pt\">Wybrane przez przedszkole obszary realizacji programu:<\/span><\/p>\n<ul>\n<li><span style=\"font-family: georgia, palatino, serif;color: #000000;font-size: 12pt\">Ochrona danych osobowych w zdalnym nauczaniu<\/span><\/li>\n<li><span style=\"font-family: georgia, palatino, serif;color: #000000;font-size: 12pt\">Bezpiecze\u0144stwo na drodze<\/span><\/li>\n<li><span style=\"font-family: georgia, palatino, serif;color: #000000;font-size: 12pt\">Bezpieczne \u015brodowisko<\/span><\/li>\n<li><span style=\"font-family: georgia, palatino, serif;color: #000000;font-size: 12pt\">Bezpieczny wypoczynek<\/span><\/li>\n<\/ul>\n<p align=\"justify\"><span style=\"color: #000000;font-size: 12pt;font-family: georgia, palatino, serif\">W zwi\u0105zku z realizacj\u0105 programu zapraszamy tak\u017ce Rodzic\u00f3w do zapoznania si\u0119 z prezentacj\u0105 multimedialn\u0105: Jak wybra\u0107 odpowiedni sprz\u0119t rowerowy dla dzieci?. Ponadto zach\u0119camy tak\u017ce do korzystania z informacji dotycz\u0105cych ochrony danych osobowych, kt\u00f3re znajduj\u0105 si\u0119 na naszej stronie przedszkola w zak\u0142adce O Przedszkolu \u2013 Rodo (link poni\u017cej) .<\/span><\/p>\n<p style=\"text-align: center\"><span style=\"color: #0000ff;font-family: georgia, palatino, serif\"><u><a style=\"color: #0000ff\" href=\"https:\/\/przedszkole23.edu.wroclaw.pl\/index.php\/rodo-2\/\">https:\/\/przedszkole23.edu.wroclaw.pl\/index.php\/rodo-2\/<\/a><\/u><\/span><\/p>\n<p style=\"text-align: center\"><span style=\"color: #0000ff\"><a style=\"color: #0000ff\" href=\"https:\/\/przedszkole23.edu.wroclaw.pl\/wp-content\/uploads\/sites\/32\/2021\/05\/1wybor-roweru.pptx\">JAK DOBRA\u0106 ROWER ODPOWIEDNI DLA DZIECKA?<\/a><\/span><\/p>\n<p>[\/vc_column_text][\/vc_column][\/vc_row]<\/p>\n<\/div>","protected":false},"excerpt":{"rendered":"<p>[vc_row][vc_column][vc_column_text css=&#8221;.vc_custom_1621548047211{margin-right: 400px !important;}&#8221;]W roku szkolnym 2020\/21\u00a0 Przedszkole nr 23 uczestniczy w Programie ,,Bezpieczny\u00a0 Dolno\u015bl\u0105zak&#8221; . Organizatorem Programu jest Marsza\u0142ek Wojew\u00f3dztwa Dolno\u015bl\u0105skiego.\u00a0 Cele programu: nabywanie i utrwalanie praktycznych umiej\u0119tno\u015bci w [&hellip;]<\/p>\n","protected":false},"author":77,"featured_media":4720,"comment_status":"closed","ping_status":"closed","sticky":false,"template":"","format":"standard","meta":{"footnotes":""},"categories":[3],"tags":[],"class_list":["post-4722","post","type-post","status-publish","format-standard","has-post-thumbnail","hentry","category-aktualnosci","clearfix"],"_links":{"self":[{"href":"https:\/\/przedszkole23.edu.wroclaw.pl\/index.php\/wp-json\/wp\/v2\/posts\/4722","targetHints":{"allow":["GET"]}}],"collection":[{"href":"https:\/\/przedszkole23.edu.wroclaw.pl\/index.php\/wp-json\/wp\/v2\/posts"}],"about":[{"href":"https:\/\/przedszkole23.edu.wroclaw.pl\/index.php\/wp-json\/wp\/v2\/types\/post"}],"author":[{"embeddable":true,"href":"https:\/\/przedszkole23.edu.wroclaw.pl\/index.php\/wp-json\/wp\/v2\/users\/77"}],"replies":[{"embeddable":true,"href":"https:\/\/przedszkole23.edu.wroclaw.pl\/index.php\/wp-json\/wp\/v2\/comments?post=4722"}],"version-history":[{"count":4,"href":"https:\/\/przedszkole23.edu.wroclaw.pl\/index.php\/wp-json\/wp\/v2\/posts\/4722\/revisions"}],"predecessor-version":[{"id":4726,"href":"https:\/\/przedszkole23.edu.wroclaw.pl\/index.php\/wp-json\/wp\/v2\/posts\/4722\/revisions\/4726"}],"wp:featuredmedia":[{"embeddable":true,"href":"https:\/\/przedszkole23.edu.wroclaw.pl\/index.php\/wp-json\/wp\/v2\/media\/4720"}],"wp:attachment":[{"href":"https:\/\/przedszkole23.edu.wroclaw.pl\/index.php\/wp-json\/wp\/v2\/media?parent=4722"}],"wp:term":[{"taxonomy":"category","embeddable":true,"href":"https:\/\/przedszkole23.edu.wroclaw.pl\/index.php\/wp-json\/wp\/v2\/categories?post=4722"},{"taxonomy":"post_tag","embeddable":true,"href":"https:\/\/przedszkole23.edu.wroclaw.pl\/index.php\/wp-json\/wp\/v2\/tags?post=4722"}],"curies":[{"name":"wp","href":"https:\/\/api.w.org\/{rel}","templated":true}]}}