
{"id":4770,"date":"2021-09-02T15:15:34","date_gmt":"2021-09-02T13:15:34","guid":{"rendered":"https:\/\/przedszkole23.edu.wroclaw.pl\/?p=4770"},"modified":"2021-09-02T15:15:34","modified_gmt":"2021-09-02T13:15:34","slug":"wydarzenia-wrzesien-2021","status":"publish","type":"post","link":"https:\/\/przedszkole23.edu.wroclaw.pl\/index.php\/2021\/09\/02\/wydarzenia-wrzesien-2021\/","title":{"rendered":"Wydarzenia wrzesie\u0144 2021"},"content":{"rendered":"<div class=\"wpb-content-wrapper\"><p>[vc_row][vc_column][vc_column_text css=&#8221;.vc_custom_1630588503250{margin-right: 400px !important;}&#8221;]<\/p>\n<p align=\"center\"><span style=\"color: #ff0000\"><span style=\"font-size: large\"><i><b>WYDARZENIA W NASZYM PRZEDSZKOLU<\/b><\/i><\/span><\/span><\/p>\n<p align=\"center\"><span style=\"color: #ff0000\"><span style=\"font-size: large\"><i><b>WRZESIE\u0143 2021<\/b><\/i><\/span><\/span><\/p>\n<table style=\"border-color: #000000\" border=\"1\" cellspacing=\"0\" cellpadding=\"7\">\n<tbody>\n<tr valign=\"top\">\n<td style=\"border-color: #000000\" width=\"146\">\n<p align=\"center\"><span style=\"font-size: large;color: #000000\"><i><b>Termin<\/b><\/i><\/span><\/p>\n<\/td>\n<td style=\"border-color: #000000\" width=\"534\">\n<p align=\"center\"><span style=\"font-size: large;color: #000000\"><i><b>Rodzaj<\/b><\/i><\/span><\/p>\n<\/td>\n<td style=\"border-color: #000000\" width=\"306\">\n<p align=\"center\"><span style=\"font-size: large;color: #000000\"><i><b>Op\u0142aty <\/b><\/i><\/span><\/p>\n<\/td>\n<\/tr>\n<tr>\n<td style=\"background: #ffc000;border-color: #000000\" colspan=\"3\" valign=\"top\" bgcolor=\"#ffc000\" width=\"1014\" height=\"33\">\n<p align=\"center\"><span style=\"font-size: large;color: #000000\"><i><b>DZIA\u0141ANIA EDUKACYJNE W PRZEDSZKOLU<\/b><\/i><\/span><\/p>\n<\/td>\n<\/tr>\n<tr valign=\"top\">\n<td style=\"border-color: #000000\" width=\"146\" height=\"108\">\n<p align=\"center\"><span style=\"font-size: large;color: #000000\"><i>06-10.09.2021<\/i><\/span><\/p>\n<\/td>\n<td style=\"border-color: #000000\" width=\"534\">\n<p align=\"center\"><span style=\"font-family: Calibri, serif;color: #000000\"><span style=\"font-size: large\"><b>Projekt edukacyjny <\/b><\/span><\/span><\/p>\n<p align=\"center\"><span style=\"font-size: large;color: #000000\"><b>Radosny Przedszkolak- poznajemy siebie i zak\u0105tki naszego przedszkola. <\/b><\/span><\/p>\n<\/td>\n<td style=\"border-color: #000000\" width=\"306\">\n<p align=\"center\"><span style=\"font-size: large;color: #000000\"><i>W ramach planu pracy<\/i><\/span><\/p>\n<p align=\"center\"><span style=\"font-size: large;color: #000000\"><i>Przedszkola<\/i><\/span><\/p>\n<\/td>\n<\/tr>\n<tr>\n<td style=\"background: #ffc000;border-color: #000000\" colspan=\"3\" valign=\"top\" bgcolor=\"#ffc000\" width=\"1014\">\n<p align=\"center\"><span style=\"font-size: large;color: #000000\"><i><b>DZIA\u0141ANIA WE WSP\u00d3\u0141PRACY Z RODZICAMI<\/b><\/i><\/span><\/p>\n<\/td>\n<\/tr>\n<tr valign=\"top\">\n<td style=\"background: #ffffff;border-color: #000000\" bgcolor=\"#ffffff\" width=\"146\" height=\"169\">\n<p align=\"center\"><span style=\"font-size: large;color: #000000\"><i>17.09.2021<\/i><\/span><\/p>\n<p align=\"center\"><span style=\"font-size: large;color: #000000\"><i>pi\u0105tek<\/i><\/span><\/p>\n<\/td>\n<td style=\"background: #ffffff;border-color: #000000\" bgcolor=\"#ffffff\" width=\"534\">\n<p align=\"center\"><span style=\"font-size: large;color: #000000\"><b>Udzia\u0142 grup Zaczarowane kredki i Podr\u00f3\u017cnicy <\/b><\/span><\/p>\n<p align=\"center\"><a name=\"_GoBack\"><\/a><span style=\"font-size: large;color: #000000\"><b>w 28 Og\u00f3lnopolskiej Akcji Sprz\u0105tanie \u015awiata<br \/>\n&#8211; Polska 2021 \u201eMy\u015bl\u0119, wi\u0119c nie \u015bmiec\u0119\u201d. <\/b><\/span><\/p>\n<\/td>\n<td style=\"background: #ffffff;border-color: #000000\" bgcolor=\"#ffffff\" width=\"306\">\n<p align=\"center\"><span style=\"font-size: large;color: #000000\"><i>Rodzice dzieci z grup<br \/>\nZaczarowane Kredki<br \/>\ni Podr\u00f3\u017cnicy przekazuj\u0105 r\u0119kawiczki<br \/>\ni worki niezb\u0119dne podczas akcji Sprz\u0105tania \u015awiata<\/i><\/span><\/p>\n<\/td>\n<\/tr>\n<\/tbody>\n<\/table>\n<p>[\/vc_column_text][\/vc_column][\/vc_row]<\/p>\n<\/div>","protected":false},"excerpt":{"rendered":"<p>[vc_row][vc_column][vc_column_text css=&#8221;.vc_custom_1630588503250{margin-right: 400px !important;}&#8221;] WYDARZENIA W NASZYM PRZEDSZKOLU WRZESIE\u0143 2021 Termin Rodzaj Op\u0142aty DZIA\u0141ANIA EDUKACYJNE W PRZEDSZKOLU 06-10.09.2021 Projekt edukacyjny Radosny Przedszkolak- poznajemy siebie i zak\u0105tki naszego przedszkola. W ramach [&hellip;]<\/p>\n","protected":false},"author":77,"featured_media":4773,"comment_status":"closed","ping_status":"closed","sticky":false,"template":"","format":"standard","meta":{"footnotes":""},"categories":[3],"tags":[],"class_list":["post-4770","post","type-post","status-publish","format-standard","has-post-thumbnail","hentry","category-aktualnosci","clearfix"],"_links":{"self":[{"href":"https:\/\/przedszkole23.edu.wroclaw.pl\/index.php\/wp-json\/wp\/v2\/posts\/4770","targetHints":{"allow":["GET"]}}],"collection":[{"href":"https:\/\/przedszkole23.edu.wroclaw.pl\/index.php\/wp-json\/wp\/v2\/posts"}],"about":[{"href":"https:\/\/przedszkole23.edu.wroclaw.pl\/index.php\/wp-json\/wp\/v2\/types\/post"}],"author":[{"embeddable":true,"href":"https:\/\/przedszkole23.edu.wroclaw.pl\/index.php\/wp-json\/wp\/v2\/users\/77"}],"replies":[{"embeddable":true,"href":"https:\/\/przedszkole23.edu.wroclaw.pl\/index.php\/wp-json\/wp\/v2\/comments?post=4770"}],"version-history":[{"count":2,"href":"https:\/\/przedszkole23.edu.wroclaw.pl\/index.php\/wp-json\/wp\/v2\/posts\/4770\/revisions"}],"predecessor-version":[{"id":4775,"href":"https:\/\/przedszkole23.edu.wroclaw.pl\/index.php\/wp-json\/wp\/v2\/posts\/4770\/revisions\/4775"}],"wp:featuredmedia":[{"embeddable":true,"href":"https:\/\/przedszkole23.edu.wroclaw.pl\/index.php\/wp-json\/wp\/v2\/media\/4773"}],"wp:attachment":[{"href":"https:\/\/przedszkole23.edu.wroclaw.pl\/index.php\/wp-json\/wp\/v2\/media?parent=4770"}],"wp:term":[{"taxonomy":"category","embeddable":true,"href":"https:\/\/przedszkole23.edu.wroclaw.pl\/index.php\/wp-json\/wp\/v2\/categories?post=4770"},{"taxonomy":"post_tag","embeddable":true,"href":"https:\/\/przedszkole23.edu.wroclaw.pl\/index.php\/wp-json\/wp\/v2\/tags?post=4770"}],"curies":[{"name":"wp","href":"https:\/\/api.w.org\/{rel}","templated":true}]}}