
{"id":4819,"date":"2021-11-03T23:50:47","date_gmt":"2021-11-03T22:50:47","guid":{"rendered":"https:\/\/przedszkole23.edu.wroclaw.pl\/?p=4819"},"modified":"2021-11-03T23:50:47","modified_gmt":"2021-11-03T22:50:47","slug":"wydarzenia-listopad-2021","status":"publish","type":"post","link":"https:\/\/przedszkole23.edu.wroclaw.pl\/index.php\/2021\/11\/03\/wydarzenia-listopad-2021\/","title":{"rendered":"Wydarzenia listopad 2021"},"content":{"rendered":"<div class=\"wpb-content-wrapper\"><p>[vc_row][vc_column][vc_column_text css=&#8221;.vc_custom_1635979817001{margin-right: 400px !important;}&#8221;]<\/p>\n<p align=\"center\"><span style=\"color: #ff0000\"><span style=\"font-family: Arial, serif\"><i><b>WYDARZENIA W NASZYM PRZEDSZKOLU<\/b><\/i><\/span><\/span><\/p>\n<p align=\"center\"><span style=\"color: #ff0000\"><span style=\"font-family: Arial, serif\"><i><b>Listopad 2021<\/b><\/i><\/span><\/span><\/p>\n<table style=\"border-color: #000000\" border=\"1\" cellspacing=\"0\" cellpadding=\"7\">\n<tbody>\n<tr>\n<td style=\"background: #ffc000;border-color: #000000\" colspan=\"4\" valign=\"top\" bgcolor=\"#ffc000\" width=\"1052\" height=\"20\">\n<p align=\"center\"><span style=\"font-family: Arial, serif;color: #000000\"><i><b>DZIA\u0141ANIA EDUKACYJNE W PRZEDSZKOLU<\/b><\/i><\/span><\/p>\n<\/td>\n<\/tr>\n<tr valign=\"top\">\n<td style=\"border-color: #000000\" width=\"127\" height=\"20\">\n<p align=\"center\"><span style=\"font-family: Arial, serif;color: #000000\"><i><b>Termin <\/b><\/i><\/span><\/p>\n<\/td>\n<td style=\"border-color: #000000\" width=\"619\">\n<p align=\"center\"><span style=\"font-family: Arial, serif;color: #000000\"><i><b>Rodzaj<\/b><\/i><\/span><\/p>\n<\/td>\n<td style=\"border-color: #000000\" width=\"118\">\n<p align=\"center\"><span style=\"font-family: Arial, serif;color: #000000\"><i><b>Grupy <\/b><\/i><\/span><\/p>\n<\/td>\n<td style=\"border-color: #000000\" width=\"146\">\n<p align=\"center\"><span style=\"font-family: Arial, serif;color: #000000\"><i><b>Op\u0142aty <\/b><\/i><\/span><\/p>\n<\/td>\n<\/tr>\n<tr valign=\"top\">\n<td style=\"border-color: #000000\" width=\"127\" height=\"62\">\n<p align=\"center\"><span style=\"font-family: Arial, serif;color: #000000\"><b>09.11.2021 r <\/b><\/span><\/p>\n<p align=\"center\"><span style=\"font-family: Arial, serif;color: #000000\"><b>(wtorek) <\/b><\/span><\/p>\n<\/td>\n<td style=\"border-color: #000000\" width=\"619\">\n<p align=\"center\"><span style=\"font-family: Arial, serif;color: #000000\">Og\u00f3lnopolski Projekt Edukacyjny \u201eGramy zmys\u0142ami\u201d<\/span><\/p>\n<p align=\"center\"><span style=\"font-family: Arial, serif;color: #000000\">-kontynuacja projektu- przygotowanie<\/span><\/p>\n<p align=\"center\"><span style=\"font-family: Arial, serif;color: #000000\">grzechotek recyklingowych <\/span><\/p>\n<\/td>\n<td style=\"border-color: #000000\" width=\"118\">\n<p align=\"center\"><span style=\"font-family: Arial, serif;color: #000000\">6 Mali Badacze <\/span><\/p>\n<\/td>\n<td style=\"border-color: #000000\" width=\"146\">\n<p align=\"center\"><span style=\"font-family: Arial, serif;color: #000000\">W ramach planu pracy<\/span><\/p>\n<p align=\"center\"><span style=\"font-family: Arial, serif;color: #000000\">Przedszkola<\/span><\/p>\n<\/td>\n<\/tr>\n<tr valign=\"top\">\n<td style=\"border-color: #000000\" width=\"127\" height=\"70\">\n<p align=\"center\"><span style=\"font-family: Arial, serif;color: #000000\"><b>10.11.2021<\/b><\/span><\/p>\n<p align=\"center\"><span style=\"font-family: Arial, serif;color: #000000\"><b>(\u015broda)<\/b><\/span><\/p>\n<\/td>\n<td style=\"border-color: #000000\" width=\"619\">\n<p align=\"center\"><span style=\"font-family: Arial, serif;color: #000000\">Udzia\u0142 wszystkich grup przedszkolnych w <\/span><\/p>\n<p align=\"center\"><span style=\"font-family: Arial, serif;color: #000000\"><b>OG\u00d3LNOPOLSKIEJ AKCJI SZKO\u0141A DO HYMNU- <\/b><\/span><\/p>\n<p align=\"center\"><span style=\"font-family: Arial, serif;color: #000000\">wsp\u00f3lne od\u015bpiewanie w ka\u017cdej grupie <\/span><\/p>\n<p align=\"center\"><span style=\"color: #000000\">\u201e<span style=\"font-family: Arial, serif\">Mazurka D\u0105browskiego\u201d<\/span><\/span><\/p>\n<\/td>\n<td style=\"border-color: #000000\" width=\"118\">\n<p align=\"center\"><span style=\"font-family: Arial, serif;color: #000000\">Wszystkie grupy<\/span><\/p>\n<\/td>\n<td style=\"border-color: #000000\" width=\"146\">\n<p align=\"center\"><span style=\"font-family: Arial, serif;color: #000000\">W ramach planu pracy<\/span><\/p>\n<p align=\"center\"><span style=\"font-family: Arial, serif;color: #000000\">Przedszkola<\/span><\/p>\n<\/td>\n<\/tr>\n<tr valign=\"top\">\n<td style=\"background: #ffffff;border-color: #000000\" bgcolor=\"#ffffff\" width=\"127\" height=\"80\">\n<p align=\"center\"><span style=\"font-family: Arial, serif;color: #000000\"><b>15-19.11.2021 (poniedzia\u0142ek- pi\u0105tek) <\/b><\/span><\/p>\n<\/td>\n<td style=\"background: #ffffff;border-color: #000000\" bgcolor=\"#ffffff\" width=\"619\">\n<p align=\"center\"><span style=\"font-family: Calibri, serif;color: #000000\"><span style=\"font-family: Arial, serif\"><b>Projekt edukacyjny<\/b><\/span><\/span><\/p>\n<p align=\"center\"><span style=\"font-family: Calibri, serif;color: #000000\"><span style=\"font-family: Arial, serif\">Czemu s\u0142o\u0144ce \u015bwieci, a burza grzmi <\/span><span style=\"font-family: Arial, serif\">i b\u0142yska?<\/span><\/span><\/p>\n<p align=\"center\"><span style=\"color: #000000\">\u2013 <span style=\"font-family: Arial, serif\">odkrywamy tajemnice zjawisk atmosferycznych, bierzemy udzia\u0142 w przegl\u0105dzie pogodowej piosenki.<\/span><\/span><\/p>\n<\/td>\n<td style=\"background: #ffffff;border-color: #000000\" bgcolor=\"#ffffff\" width=\"118\">\n<p align=\"center\"><span style=\"font-family: Arial, serif;color: #000000\">Wszystkie grupy<\/span><\/p>\n<\/td>\n<td style=\"background: #ffffff;border-color: #000000\" bgcolor=\"#ffffff\" width=\"146\">\n<p align=\"center\"><span style=\"font-family: Arial, serif;color: #000000\">W ramach planu pracy<\/span><\/p>\n<p align=\"center\"><span style=\"font-family: Arial, serif;color: #000000\">Przedszkola<\/span><\/p>\n<\/td>\n<\/tr>\n<tr valign=\"top\">\n<td style=\"border-color: #000000\" width=\"127\" height=\"95\">\n<p align=\"center\"><span style=\"font-family: Arial, serif;color: #000000\"><b>19. 11.2021<\/b><\/span><\/p>\n<p align=\"center\"><span style=\"font-family: Arial, serif;color: #000000\"><b>(pi\u0105tek) <\/b><\/span><\/p>\n<\/td>\n<td style=\"border-color: #000000\" width=\"619\">\n<p align=\"center\"><span style=\"font-family: Calibri, serif;color: #000000\"><span style=\"font-family: Arial, serif\"><b>Og\u00f3lnopolski<\/b><\/span><span style=\"font-family: Arial, serif\"><b> Dzie\u0144 Praw Dziecka.<\/b><\/span><\/span><\/p>\n<p align=\"center\"><span style=\"color: #000000\"> <span style=\"font-family: Calibri, serif\"><span style=\"font-family: Arial, serif\">Zaj\u0119cia na temat<\/span><\/span><\/span><\/p>\n<p align=\"center\"><span style=\"color: #000000\">\u201e<span style=\"font-family: Calibri, serif\"><span style=\"font-family: Arial, serif\">M\u0142ody cz\u0142owieku- to nie zabawa! <\/span><\/span><\/span><\/p>\n<p align=\"center\"><span style=\"font-family: Arial, serif;color: #000000\">Masz prawo wiedzie\u0107, jakie masz prawa \u201d. <\/span><\/p>\n<p align=\"center\"><span style=\"color: #000000\"><span style=\"font-family: Arial, serif\">Wystawa edukacyjna w holu<\/span><b> <\/b><\/span><\/p>\n<\/td>\n<td style=\"border-color: #000000\" width=\"118\">\n<p align=\"center\"><span style=\"font-family: Arial, serif;color: #000000\">Wszystkie grupy<\/span><\/p>\n<\/td>\n<td style=\"border-color: #000000\" width=\"146\">\n<p align=\"center\"><span style=\"font-family: Arial, serif;color: #000000\">W ramach planu pracy<\/span><\/p>\n<p align=\"center\"><span style=\"font-family: Arial, serif;color: #000000\">Przedszkola<\/span><\/p>\n<\/td>\n<\/tr>\n<tr>\n<td style=\"background: #ffc000;border-color: #000000\" colspan=\"4\" valign=\"top\" bgcolor=\"#ffc000\" width=\"1052\" height=\"33\">\n<p align=\"center\"><span style=\"font-family: Arial, serif;color: #000000\"><b>DZIA\u0141ANIA WE WSP\u00d3\u0141PRACY Z RODZICAMI<\/b><\/span><\/p>\n<\/td>\n<\/tr>\n<tr valign=\"top\">\n<td style=\"border-color: #000000\" width=\"127\" height=\"62\">\n<p align=\"center\"><span style=\"font-family: Arial, serif;color: #000000\"><b>08.11.2021<\/b><\/span><\/p>\n<p align=\"center\"><span style=\"font-family: Arial, serif;color: #000000\"><b>(poniedzia\u0142ek)<\/b><\/span><\/p>\n<\/td>\n<td style=\"border-color: #000000\" width=\"619\">\n<p align=\"center\"><span style=\"font-family: Calibri, serif;color: #000000\"><span style=\"font-family: Arial, serif\"><b>Koncert muzyczny <\/b><\/span><\/span><\/p>\n<p align=\"center\"><span style=\"color: #000000\">\u201e<span style=\"font-family: Calibri, serif\"><span style=\"font-family: Arial, serif\">Muzyczna podr\u00f3\u017c w czasie i przestrzeni\u201d <\/span><\/span><\/span><\/p>\n<\/td>\n<td style=\"border-color: #000000\" width=\"118\">\n<p align=\"center\"><span style=\"font-family: Arial, serif;color: #000000\">Wszystkie grupy<\/span><\/p>\n<\/td>\n<td style=\"border-color: #000000\" width=\"146\">\n<p align=\"center\"><span style=\"font-family: Arial, serif;color: #000000\">Finansowane z funduszu Rady Rodzic\u00f3w<\/span><\/p>\n<\/td>\n<\/tr>\n<tr valign=\"top\">\n<td style=\"border-color: #000000\" width=\"127\" height=\"42\">\n<p align=\"center\"><span style=\"font-family: Arial, serif;color: #000000\"><b>17.11.2021<\/b><\/span><\/p>\n<p align=\"center\"><span style=\"font-family: Arial, serif;color: #000000\"><b>(\u015broda)<\/b><\/span><\/p>\n<\/td>\n<td style=\"border-color: #000000\" width=\"619\">\n<p align=\"center\"><span style=\"font-family: Arial, serif;color: #000000\"><b>Teatrzyk Kropa <\/b><\/span><\/p>\n<p align=\"center\"><span style=\"color: #000000\">\u201e<span style=\"font-family: Arial, serif\">Raz, dwa, trzy ciuchcia rusza ju\u017c!\u201d<\/span><\/span><\/p>\n<\/td>\n<td style=\"border-color: #000000\" width=\"118\">\n<p align=\"center\"><span style=\"font-family: Arial, serif;color: #000000\">Wszystkie grupy<\/span><\/p>\n<\/td>\n<td style=\"border-color: #000000\" width=\"146\">\n<p align=\"center\"><span style=\"font-family: Arial, serif;color: #000000\">Finansowane z funduszu Rady Rodzic\u00f3w<\/span><\/p>\n<\/td>\n<\/tr>\n<tr valign=\"top\">\n<td style=\"border-color: #000000\" width=\"127\" height=\"41\">\n<p align=\"center\"><span style=\"font-family: Arial, serif;color: #000000\"><b>26.11.2021<\/b><\/span><\/p>\n<p align=\"center\"><span style=\"font-family: Arial, serif;color: #000000\"><b>(pi\u0105tek)<\/b><\/span><\/p>\n<\/td>\n<td style=\"border-color: #000000\" width=\"619\">\n<p align=\"center\"><span style=\"font-family: Calibri, serif;color: #000000\"><span style=\"font-family: Arial, serif\"><b>Teatrzyk Pacu\u015b<\/b><\/span><\/span><\/p>\n<p align=\"center\"><span style=\"color: #000000\">\u201e<span style=\"font-family: Calibri, serif\"><span style=\"font-family: Arial, serif\">Wr\u00f3belek Elemelek\u201d <\/span><\/span><\/span><\/p>\n<\/td>\n<td style=\"border-color: #000000\" width=\"118\">\n<p align=\"center\"><span style=\"font-family: Arial, serif;color: #000000\">Wszystkie grupy<\/span><\/p>\n<\/td>\n<td style=\"border-color: #000000\" width=\"146\">\n<p align=\"center\"><span style=\"font-family: Arial, serif;color: #000000\">Finansowane z funduszu Rady Rodzic\u00f3w <\/span><\/p>\n<\/td>\n<\/tr>\n<\/tbody>\n<\/table>\n<p>[\/vc_column_text][\/vc_column][\/vc_row]<\/p>\n<\/div>","protected":false},"excerpt":{"rendered":"<p>[vc_row][vc_column][vc_column_text css=&#8221;.vc_custom_1635979817001{margin-right: 400px !important;}&#8221;] WYDARZENIA W NASZYM PRZEDSZKOLU Listopad 2021 DZIA\u0141ANIA EDUKACYJNE W PRZEDSZKOLU Termin Rodzaj Grupy Op\u0142aty 09.11.2021 r (wtorek) Og\u00f3lnopolski Projekt Edukacyjny \u201eGramy zmys\u0142ami\u201d -kontynuacja projektu- przygotowanie grzechotek [&hellip;]<\/p>\n","protected":false},"author":77,"featured_media":4820,"comment_status":"closed","ping_status":"closed","sticky":false,"template":"","format":"standard","meta":{"footnotes":""},"categories":[3],"tags":[],"class_list":["post-4819","post","type-post","status-publish","format-standard","has-post-thumbnail","hentry","category-aktualnosci","clearfix"],"_links":{"self":[{"href":"https:\/\/przedszkole23.edu.wroclaw.pl\/index.php\/wp-json\/wp\/v2\/posts\/4819","targetHints":{"allow":["GET"]}}],"collection":[{"href":"https:\/\/przedszkole23.edu.wroclaw.pl\/index.php\/wp-json\/wp\/v2\/posts"}],"about":[{"href":"https:\/\/przedszkole23.edu.wroclaw.pl\/index.php\/wp-json\/wp\/v2\/types\/post"}],"author":[{"embeddable":true,"href":"https:\/\/przedszkole23.edu.wroclaw.pl\/index.php\/wp-json\/wp\/v2\/users\/77"}],"replies":[{"embeddable":true,"href":"https:\/\/przedszkole23.edu.wroclaw.pl\/index.php\/wp-json\/wp\/v2\/comments?post=4819"}],"version-history":[{"count":1,"href":"https:\/\/przedszkole23.edu.wroclaw.pl\/index.php\/wp-json\/wp\/v2\/posts\/4819\/revisions"}],"predecessor-version":[{"id":4821,"href":"https:\/\/przedszkole23.edu.wroclaw.pl\/index.php\/wp-json\/wp\/v2\/posts\/4819\/revisions\/4821"}],"wp:featuredmedia":[{"embeddable":true,"href":"https:\/\/przedszkole23.edu.wroclaw.pl\/index.php\/wp-json\/wp\/v2\/media\/4820"}],"wp:attachment":[{"href":"https:\/\/przedszkole23.edu.wroclaw.pl\/index.php\/wp-json\/wp\/v2\/media?parent=4819"}],"wp:term":[{"taxonomy":"category","embeddable":true,"href":"https:\/\/przedszkole23.edu.wroclaw.pl\/index.php\/wp-json\/wp\/v2\/categories?post=4819"},{"taxonomy":"post_tag","embeddable":true,"href":"https:\/\/przedszkole23.edu.wroclaw.pl\/index.php\/wp-json\/wp\/v2\/tags?post=4819"}],"curies":[{"name":"wp","href":"https:\/\/api.w.org\/{rel}","templated":true}]}}