
{"id":4838,"date":"2021-12-03T21:35:30","date_gmt":"2021-12-03T20:35:30","guid":{"rendered":"https:\/\/przedszkole23.edu.wroclaw.pl\/?p=4838"},"modified":"2021-12-03T21:35:30","modified_gmt":"2021-12-03T20:35:30","slug":"sesja-zdjeciowa-z-mikolajem","status":"publish","type":"post","link":"https:\/\/przedszkole23.edu.wroclaw.pl\/index.php\/2021\/12\/03\/sesja-zdjeciowa-z-mikolajem\/","title":{"rendered":"Sesja zdj\u0119ciowa z Miko\u0142ajem"},"content":{"rendered":"<div class=\"wpb-content-wrapper\"><p>[vc_row][vc_column][vc_column_text css=&#8221;.vc_custom_1638563726345{margin-right: 400px !important;}&#8221;]<\/p>\n<p align=\"center\"><span style=\"color: #000000\"><span style=\"font-family: Arial, serif\"><span style=\"font-size: x-large\"><b>Sesja zdj\u0119ciowa z Miko\u0142ajem<\/b><\/span><\/span><\/span><\/p>\n<p align=\"center\"><span style=\"font-size: x-large;color: #000000\">W dniu 6 grudnia 2021 (poniedzia\u0142ek) w przedszkolu b\u0119d\u0105 wykonywane zdj\u0119cia z Miko\u0142ajem.<\/span><\/p>\n<p align=\"center\"><span style=\"color: #000000\"><span style=\"font-size: x-large\">Koszt zakupu zdj\u0119\u0107 to 20 z\u0142. Cena obejmuje dwa zdj\u0119cia<br \/>\nw <\/span><span style=\"font-family: open_sansregular, serif\"><span style=\"font-size: x-large\"> formacie 15&#215;21 cm.<\/span><\/span><\/span><\/p>\n<p align=\"center\"><a name=\"_GoBack\"><\/a><span style=\"color: #000000\"> <span style=\"font-size: x-large\">Zdj\u0119cia b\u0119d\u0105 do kupienia oko\u0142o po\u0142owy grudnia<br \/>\nw Przedszkolu.<\/span><\/span><\/p>\n<p align=\"center\"><span style=\"color: #000000\"><span style=\"font-size: x-large\"><u>Osoby, kt\u00f3re zdecydowanie nie planuj\u0105 zakupu i nie chc\u0105, aby dziecku wykonano zdj\u0119cia, proszone s\u0105<br \/>\no zg\u0142oszenie tej informacji nauczycielowi grupy.<\/u><\/span><\/span><\/p>\n<p>[\/vc_column_text][\/vc_column][\/vc_row]<\/p>\n<\/div>","protected":false},"excerpt":{"rendered":"<p>[vc_row][vc_column][vc_column_text css=&#8221;.vc_custom_1638563726345{margin-right: 400px !important;}&#8221;] Sesja zdj\u0119ciowa z Miko\u0142ajem W dniu 6 grudnia 2021 (poniedzia\u0142ek) w przedszkolu b\u0119d\u0105 wykonywane zdj\u0119cia z Miko\u0142ajem. Koszt zakupu zdj\u0119\u0107 to 20 z\u0142. Cena obejmuje dwa [&hellip;]<\/p>\n","protected":false},"author":77,"featured_media":4839,"comment_status":"closed","ping_status":"closed","sticky":false,"template":"","format":"standard","meta":{"footnotes":""},"categories":[3],"tags":[],"class_list":["post-4838","post","type-post","status-publish","format-standard","has-post-thumbnail","hentry","category-aktualnosci","clearfix"],"_links":{"self":[{"href":"https:\/\/przedszkole23.edu.wroclaw.pl\/index.php\/wp-json\/wp\/v2\/posts\/4838","targetHints":{"allow":["GET"]}}],"collection":[{"href":"https:\/\/przedszkole23.edu.wroclaw.pl\/index.php\/wp-json\/wp\/v2\/posts"}],"about":[{"href":"https:\/\/przedszkole23.edu.wroclaw.pl\/index.php\/wp-json\/wp\/v2\/types\/post"}],"author":[{"embeddable":true,"href":"https:\/\/przedszkole23.edu.wroclaw.pl\/index.php\/wp-json\/wp\/v2\/users\/77"}],"replies":[{"embeddable":true,"href":"https:\/\/przedszkole23.edu.wroclaw.pl\/index.php\/wp-json\/wp\/v2\/comments?post=4838"}],"version-history":[{"count":3,"href":"https:\/\/przedszkole23.edu.wroclaw.pl\/index.php\/wp-json\/wp\/v2\/posts\/4838\/revisions"}],"predecessor-version":[{"id":4842,"href":"https:\/\/przedszkole23.edu.wroclaw.pl\/index.php\/wp-json\/wp\/v2\/posts\/4838\/revisions\/4842"}],"wp:featuredmedia":[{"embeddable":true,"href":"https:\/\/przedszkole23.edu.wroclaw.pl\/index.php\/wp-json\/wp\/v2\/media\/4839"}],"wp:attachment":[{"href":"https:\/\/przedszkole23.edu.wroclaw.pl\/index.php\/wp-json\/wp\/v2\/media?parent=4838"}],"wp:term":[{"taxonomy":"category","embeddable":true,"href":"https:\/\/przedszkole23.edu.wroclaw.pl\/index.php\/wp-json\/wp\/v2\/categories?post=4838"},{"taxonomy":"post_tag","embeddable":true,"href":"https:\/\/przedszkole23.edu.wroclaw.pl\/index.php\/wp-json\/wp\/v2\/tags?post=4838"}],"curies":[{"name":"wp","href":"https:\/\/api.w.org\/{rel}","templated":true}]}}