
{"id":4843,"date":"2021-12-03T20:43:51","date_gmt":"2021-12-03T19:43:51","guid":{"rendered":"https:\/\/przedszkole23.edu.wroclaw.pl\/?p=4843"},"modified":"2021-12-03T21:44:24","modified_gmt":"2021-12-03T20:44:24","slug":"wydarzenia-grudzien-2021","status":"publish","type":"post","link":"https:\/\/przedszkole23.edu.wroclaw.pl\/index.php\/2021\/12\/03\/wydarzenia-grudzien-2021\/","title":{"rendered":"Wydarzenia grudzie\u0144 2021"},"content":{"rendered":"<div class=\"wpb-content-wrapper\"><p>[vc_row][vc_column][vc_column_text css=&#8221;.vc_custom_1638564175343{margin-right: 400px !important;}&#8221;]<\/p>\n<p align=\"center\"><span style=\"color: #ff0000\"><span style=\"font-family: Arial, serif\"><span style=\"font-size: large\"><i><b>WYDARZENIA W NASZYM PRZEDSZKOLU<\/b><\/i><\/span><\/span><\/span><\/p>\n<p align=\"center\"><span style=\"color: #ff0000\"><span style=\"font-family: Arial, serif\"><span style=\"font-size: large\"><i><b>Grudzie\u0144 2021<\/b><\/i><\/span><\/span><\/span><\/p>\n<table style=\"border-color: #000000\" border=\"1\" cellspacing=\"0\" cellpadding=\"7\">\n<tbody>\n<tr>\n<td style=\"background: #ffc000;border-color: #000000\" colspan=\"4\" valign=\"top\" bgcolor=\"#ffc000\" width=\"1052\" height=\"20\">\n<p align=\"center\"><span style=\"font-family: Arial, serif;color: #000000\"><i><b>DZIA\u0141ANIA EDUKACYJNE W PRZEDSZKOLU<\/b><\/i><\/span><\/p>\n<\/td>\n<\/tr>\n<tr valign=\"top\">\n<td style=\"border-color: #000000\" width=\"127\" height=\"20\">\n<p align=\"center\"><span style=\"font-family: 'Times New Roman', serif;color: #000000\"><span style=\"font-size: medium\"><i><b>Termin <\/b><\/i><\/span><\/span><\/p>\n<\/td>\n<td style=\"border-color: #000000\" width=\"619\">\n<p align=\"center\"><span style=\"font-family: 'Times New Roman', serif;color: #000000\"><span style=\"font-size: medium\"><i><b>Rodzaj<\/b><\/i><\/span><\/span><\/p>\n<\/td>\n<td style=\"border-color: #000000\" width=\"118\">\n<p align=\"center\"><span style=\"font-family: 'Times New Roman', serif;color: #000000\"><span style=\"font-size: medium\"><i><b>Grupy <\/b><\/i><\/span><\/span><\/p>\n<\/td>\n<td style=\"border-color: #000000\" width=\"146\">\n<p align=\"center\"><span style=\"font-family: 'Times New Roman', serif;color: #000000\"><span style=\"font-size: medium\"><i><b>Op\u0142aty <\/b><\/i><\/span><\/span><\/p>\n<\/td>\n<\/tr>\n<tr valign=\"top\">\n<td style=\"border-color: #000000\" width=\"127\" height=\"62\">\n<p align=\"center\"><span style=\"font-family: 'Times New Roman', serif;color: #000000\"><span style=\"font-size: medium\"><b>08-10.12.2021 <\/b><\/span><\/span><\/p>\n<p align=\"center\"><span style=\"font-family: 'Times New Roman', serif;color: #000000\"><span style=\"font-size: medium\"><b>(\u015broda- pi\u0105tek) <\/b><\/span><\/span><\/p>\n<\/td>\n<td style=\"border-color: #000000\" width=\"619\">\n<p align=\"center\"><span style=\"font-family: 'Times New Roman', serif;color: #000000\"><span style=\"font-size: medium\">Przedszkolny Kiermasz \u015awi\u0105teczny z pracami dzieci <\/span><\/span><\/p>\n<\/td>\n<td style=\"border-color: #000000\" width=\"118\">\n<p align=\"center\"><span style=\"font-family: 'Times New Roman', serif;color: #000000\"><span style=\"font-size: medium\">Wszystkie grupy <\/span><\/span><\/p>\n<\/td>\n<td style=\"border-color: #000000\" width=\"146\">\n<p align=\"center\"><span style=\"font-family: 'Times New Roman', serif;color: #000000\"><span style=\"font-size: medium\"><i>W ramach planu pracy<\/i><\/span><\/span><\/p>\n<p align=\"center\"><span style=\"font-family: 'Times New Roman', serif;color: #000000\"><span style=\"font-size: medium\"><i>Przedszkola<\/i><\/span><\/span><\/p>\n<\/td>\n<\/tr>\n<tr valign=\"top\">\n<td style=\"border-color: #000000\" width=\"127\" height=\"62\">\n<p align=\"center\"><span style=\"font-family: 'Times New Roman', serif;color: #000000\"><span style=\"font-size: medium\"><b>10.12.2021 <\/b><\/span><\/span><\/p>\n<p align=\"center\"><span style=\"font-family: 'Times New Roman', serif;color: #000000\"><span style=\"font-size: medium\"><b>(pi\u0105tek) <\/b><\/span><\/span><\/p>\n<\/td>\n<td style=\"border-color: #000000\" width=\"619\">\n<p align=\"center\"><span style=\"font-family: 'Times New Roman', serif;color: #000000\"><span style=\"font-size: medium\">Wroc\u0142awski Dzie\u0144 Czytania <\/span><\/span><\/p>\n<\/td>\n<td style=\"border-color: #000000\" width=\"118\">\n<p align=\"center\"><span style=\"font-family: 'Times New Roman', serif;color: #000000\"><span style=\"font-size: medium\">Wszystkie grupy<\/span><\/span><\/p>\n<\/td>\n<td style=\"border-color: #000000\" width=\"146\">\n<p align=\"center\"><a name=\"_GoBack\"><\/a><span style=\"font-family: 'Times New Roman', serif;color: #000000\"> <span style=\"font-size: medium\"><i>We wsp\u00f3\u0142pracy z Departamentem Edukacji Miasta Wroc\u0142aw<\/i><\/span><\/span><\/p>\n<\/td>\n<\/tr>\n<tr valign=\"top\">\n<td style=\"border-color: #000000\" width=\"127\" height=\"62\">\n<p align=\"center\"><span style=\"font-family: 'Times New Roman', serif;color: #000000\"><span style=\"font-size: medium\"><b>13.12.2021 <\/b><\/span><\/span><\/p>\n<p align=\"center\"><span style=\"font-family: 'Times New Roman', serif;color: #000000\"><span style=\"font-size: medium\"><b>(poniedzia\u0142ek)<\/b><\/span><\/span><\/p>\n<\/td>\n<td style=\"border-color: #000000\" width=\"619\">\n<p align=\"center\"><span style=\"font-family: 'Times New Roman', serif;color: #000000\"><span style=\"font-size: medium\">Przygotowanie przez dzieci kartek \u015bwi\u0105tecznych dla senior\u00f3w<\/span><\/span><\/p>\n<\/td>\n<td style=\"border-color: #000000\" width=\"118\">\n<p align=\"center\"><span style=\"font-family: 'Times New Roman', serif;color: #000000\"><span style=\"font-size: medium\">Wszystkie grupy<\/span><\/span><\/p>\n<\/td>\n<td style=\"border-color: #000000\" width=\"146\">\n<p align=\"center\"><span style=\"font-family: 'Times New Roman', serif;color: #000000\"><span style=\"font-size: medium\"><i>Akcja organizowana <\/i><\/span><\/span><\/p>\n<p align=\"center\"><span style=\"font-family: 'Times New Roman', serif;color: #000000\"><span style=\"font-size: medium\"><i>we wsp\u00f3\u0142pracy<br \/>\nz Caritas Polska<\/i><\/span><\/span><\/p>\n<\/td>\n<\/tr>\n<tr valign=\"top\">\n<td style=\"border-color: #000000\" width=\"127\" height=\"70\">\n<p align=\"center\"><span style=\"font-family: 'Times New Roman', serif;color: #000000\"><span style=\"font-size: medium\"><b>13-17.12.2021 <\/b><\/span><\/span><\/p>\n<p align=\"center\"><span style=\"font-family: 'Times New Roman', serif;color: #000000\"><span style=\"font-size: medium\"><b>(poniedzia\u0142ek- pi\u0105tek) <\/b><\/span><\/span><\/p>\n<\/td>\n<td style=\"border-color: #000000\" width=\"619\">\n<p align=\"center\"><span style=\"font-family: 'Times New Roman', serif;color: #000000\"><span style=\"font-size: medium\"><b>Projekt edukacyjny rozwijaj\u0105cy inteligencje wielorakie wg H. Gardnera<\/b><\/span><\/span><\/p>\n<p align=\"center\"><span style=\"color: #000000\">\u201e<span style=\"font-family: Times New Roman, serif\"><span style=\"font-size: medium\">Go\u017adziki, pomara\u0144cze, pierniczki, choinka \u2013 eksplozja smak\u00f3w i zapach\u00f3w. <\/span><\/span><\/span><\/p>\n<\/td>\n<td style=\"border-color: #000000\" width=\"118\">\n<p align=\"center\"><span style=\"font-family: 'Times New Roman', serif;color: #000000\"><span style=\"font-size: medium\">Wszystkie grupy<\/span><\/span><\/p>\n<\/td>\n<td style=\"border-color: #000000\" width=\"146\">\n<p align=\"center\"><span style=\"font-family: 'Times New Roman', serif;color: #000000\"><span style=\"font-size: medium\"><i>W ramach planu pracy<\/i><\/span><\/span><\/p>\n<p align=\"center\"><span style=\"font-family: 'Times New Roman', serif;color: #000000\"><span style=\"font-size: medium\"><i>Przedszkola<\/i><\/span><\/span><\/p>\n<\/td>\n<\/tr>\n<tr valign=\"top\">\n<td style=\"border-color: #000000\" width=\"127\" height=\"42\">\n<p align=\"center\"><span style=\"font-family: 'Times New Roman', serif;color: #000000\"><span style=\"font-size: medium\"><i><b>21.12.2020<\/b><\/i><\/span><\/span><\/p>\n<p align=\"center\"><span style=\"font-family: 'Times New Roman', serif;color: #000000\"><span style=\"font-size: medium\"><i><b>(wtorek)<\/b><\/i><\/span><\/span><\/p>\n<\/td>\n<td style=\"border-color: #000000\" width=\"619\">\n<p align=\"center\"><span style=\"font-family: 'Times New Roman', serif;color: #000000\"><span style=\"font-size: medium\"><b>Wigilia w Przedszkolu<\/b><\/span><\/span><\/p>\n<\/td>\n<td style=\"border-color: #000000\" width=\"118\">\n<p align=\"center\"><span style=\"font-family: 'Times New Roman', serif;color: #000000\"><span style=\"font-size: medium\">Wszystkie grupy<\/span><\/span><\/p>\n<\/td>\n<td style=\"border-color: #000000\" width=\"146\">\n<p align=\"center\"><span style=\"font-family: 'Times New Roman', serif;color: #000000\"><span style=\"font-size: medium\"><i>W ramach planu pracy<\/i><\/span><\/span><\/p>\n<p align=\"center\"><span style=\"font-family: 'Times New Roman', serif;color: #000000\"><span style=\"font-size: medium\"><i>Przedszkola<\/i><\/span><\/span><\/p>\n<\/td>\n<\/tr>\n<tr>\n<td style=\"background: #ffc000;border-color: #000000\" colspan=\"4\" valign=\"top\" bgcolor=\"#ffc000\" width=\"1052\" height=\"33\">\n<p align=\"center\"><span style=\"font-family: 'Times New Roman', serif;color: #000000\"><span style=\"font-size: medium\"><b>DZIA\u0141ANIA WE WSP\u00d3\u0141PRACY Z RODZICAMI<\/b><\/span><\/span><\/p>\n<\/td>\n<\/tr>\n<tr valign=\"top\">\n<td style=\"border-color: #000000\" width=\"127\" height=\"62\">\n<p align=\"center\"><span style=\"font-family: 'Times New Roman', serif;color: #000000\"><span style=\"font-size: medium\"><b>06.12.2021<\/b><\/span><\/span><\/p>\n<p align=\"center\"><span style=\"font-family: 'Times New Roman', serif;color: #000000\"><span style=\"font-size: medium\"><b>(poniedzia\u0142ek)<\/b><\/span><\/span><\/p>\n<\/td>\n<td style=\"border-color: #000000\" width=\"619\">\n<p align=\"center\"><span style=\"font-family: Calibri, serif;color: #000000\"><span style=\"font-family: Times New Roman, serif\"><span style=\"font-size: medium\"><b>Koncert muzyczny <\/b><\/span><\/span><\/span><\/p>\n<p align=\"center\"><span style=\"color: #000000\">\u201e<span style=\"font-family: Calibri, serif\"><span style=\"font-family: Times New Roman, serif\"><span style=\"font-size: medium\">Instrumenty z bambusa\u201d <\/span><\/span><\/span><\/span><\/p>\n<\/td>\n<td style=\"border-color: #000000\" width=\"118\">\n<p align=\"center\"><span style=\"font-family: 'Times New Roman', serif;color: #000000\"><span style=\"font-size: medium\">Wszystkie grupy<\/span><\/span><\/p>\n<\/td>\n<td style=\"border-color: #000000\" width=\"146\">\n<p align=\"center\"><span style=\"font-family: 'Times New Roman', serif;color: #000000\"><span style=\"font-size: medium\"><i>Finansowane<br \/>\nz funduszu Rady Rodzic\u00f3w<\/i><\/span><\/span><\/p>\n<\/td>\n<\/tr>\n<tr valign=\"top\">\n<td style=\"border-color: #000000\" width=\"127\" height=\"42\">\n<p align=\"center\"><span style=\"font-family: 'Times New Roman', serif;color: #000000\"><span style=\"font-size: medium\"><b>06.12.2021<\/b><\/span><\/span><\/p>\n<p align=\"center\"><span style=\"font-family: 'Times New Roman', serif;color: #000000\"><span style=\"font-size: medium\"><b>(poniedzia\u0142ek) <\/b><\/span><\/span><\/p>\n<\/td>\n<td style=\"border-color: #000000\" width=\"619\">\n<p align=\"center\"><span style=\"color: #000000\"><span style=\"font-family: Times New Roman, serif\"><span style=\"font-size: medium\"><b>Miko\u0142ajki w Przedszkolu<\/b><\/span><\/span><span style=\"font-family: Times New Roman, serif\"><span style=\"font-size: medium\">&#8211;<\/span><\/span><\/span><\/p>\n<p align=\"center\"><span style=\"font-family: 'Times New Roman', serif;color: #000000\"><span style=\"font-size: medium\">rozdanie paczek miko\u0142ajkowych oraz wykonanie zdj\u0119\u0107 ze \u015awi\u0119tym Miko\u0142ajem<\/span><\/span><\/p>\n<\/td>\n<td style=\"border-color: #000000\" width=\"118\">\n<p align=\"center\"><span style=\"font-family: 'Times New Roman', serif;color: #000000\"><span style=\"font-size: medium\">Wszystkie grupy<\/span><\/span><\/p>\n<\/td>\n<td style=\"border-color: #000000\" width=\"146\">\n<p align=\"center\"><span style=\"font-family: 'Times New Roman', serif;color: #000000\"><span style=\"font-size: medium\"><i>Paczki finansowane<br \/>\nz funduszu Rady Rodzic\u00f3w, zdj\u0119cia p\u0142atne indywidualnie przez Rodzic\u00f3w<\/i><\/span><\/span><\/p>\n<\/td>\n<\/tr>\n<tr valign=\"top\">\n<td style=\"border-color: #000000\" width=\"127\" height=\"42\">\n<p align=\"center\"><span style=\"font-family: 'Times New Roman', serif;color: #000000\"><span style=\"font-size: medium\"><b>09.12.2021<\/b><\/span><\/span><\/p>\n<p align=\"center\"><span style=\"font-family: 'Times New Roman', serif;color: #000000\"><span style=\"font-size: medium\"><b>(czwartek)<\/b><\/span><\/span><\/p>\n<\/td>\n<td style=\"border-color: #000000\" width=\"619\">\n<p align=\"center\"><span style=\"font-family: 'Times New Roman', serif;color: #000000\"><span style=\"font-size: medium\"><b>Teatrzyk \u201eElfy\u201d <\/b><\/span><\/span><\/p>\n<\/td>\n<td style=\"border-color: #000000\" width=\"118\">\n<p align=\"center\"><span style=\"font-family: 'Times New Roman', serif;color: #000000\"><span style=\"font-size: medium\">Wszystkie grupy<\/span><\/span><\/p>\n<\/td>\n<td style=\"border-color: #000000\" width=\"146\">\n<p align=\"center\"><span style=\"font-family: 'Times New Roman', serif;color: #000000\"><span style=\"font-size: medium\"><i>Finansowane<br \/>\nz funduszu Rady Rodzic\u00f3w<\/i><\/span><\/span><\/p>\n<\/td>\n<\/tr>\n<tr valign=\"top\">\n<td style=\"border-color: #000000\" width=\"127\" height=\"41\">\n<p align=\"center\"><span style=\"font-family: 'Times New Roman', serif;color: #000000\"><span style=\"font-size: medium\"><b>20.12.2021<\/b><\/span><\/span><\/p>\n<p align=\"center\"><span style=\"font-family: 'Times New Roman', serif;color: #000000\"><span style=\"font-size: medium\"><b>(poniedzia\u0142ek) <\/b><\/span><\/span><\/p>\n<\/td>\n<td style=\"border-color: #000000\" width=\"619\">\n<p align=\"center\"><span style=\"font-family: Calibri, serif;color: #000000\"><span style=\"font-family: Times New Roman, serif\"><span style=\"font-size: medium\"><b>Teatrzyk Kropa<\/b><\/span><\/span><\/span><\/p>\n<p align=\"center\"><span style=\"color: #000000\">\u201e<span style=\"font-family: Calibri, serif\"><span style=\"font-family: Times New Roman, serif\"><span style=\"font-size: medium\">Zabawkowa Noc zimowa\u201d <\/span><\/span><\/span><\/span><\/p>\n<\/td>\n<td style=\"border-color: #000000\" width=\"118\">\n<p align=\"center\"><span style=\"font-family: 'Times New Roman', serif;color: #000000\"><span style=\"font-size: medium\">Wszystkie grupy<\/span><\/span><\/p>\n<\/td>\n<td style=\"border-color: #000000\" width=\"146\">\n<p align=\"center\"><span style=\"font-family: 'Times New Roman', serif;color: #000000\"><span style=\"font-size: medium\"><i>Finansowane<br \/>\nz funduszu Rady Rodzic\u00f3w <\/i><\/span><\/span><\/p>\n<\/td>\n<\/tr>\n<\/tbody>\n<\/table>\n<p>[\/vc_column_text][\/vc_column][\/vc_row]<\/p>\n<\/div>","protected":false},"excerpt":{"rendered":"<p>[vc_row][vc_column][vc_column_text css=&#8221;.vc_custom_1638564175343{margin-right: 400px !important;}&#8221;] WYDARZENIA W NASZYM PRZEDSZKOLU Grudzie\u0144 2021 DZIA\u0141ANIA EDUKACYJNE W PRZEDSZKOLU Termin Rodzaj Grupy Op\u0142aty 08-10.12.2021 (\u015broda- pi\u0105tek) Przedszkolny Kiermasz \u015awi\u0105teczny z pracami dzieci Wszystkie grupy W [&hellip;]<\/p>\n","protected":false},"author":77,"featured_media":4844,"comment_status":"closed","ping_status":"closed","sticky":false,"template":"","format":"standard","meta":{"footnotes":""},"categories":[3],"tags":[],"class_list":["post-4843","post","type-post","status-publish","format-standard","has-post-thumbnail","hentry","category-aktualnosci","clearfix"],"_links":{"self":[{"href":"https:\/\/przedszkole23.edu.wroclaw.pl\/index.php\/wp-json\/wp\/v2\/posts\/4843","targetHints":{"allow":["GET"]}}],"collection":[{"href":"https:\/\/przedszkole23.edu.wroclaw.pl\/index.php\/wp-json\/wp\/v2\/posts"}],"about":[{"href":"https:\/\/przedszkole23.edu.wroclaw.pl\/index.php\/wp-json\/wp\/v2\/types\/post"}],"author":[{"embeddable":true,"href":"https:\/\/przedszkole23.edu.wroclaw.pl\/index.php\/wp-json\/wp\/v2\/users\/77"}],"replies":[{"embeddable":true,"href":"https:\/\/przedszkole23.edu.wroclaw.pl\/index.php\/wp-json\/wp\/v2\/comments?post=4843"}],"version-history":[{"count":1,"href":"https:\/\/przedszkole23.edu.wroclaw.pl\/index.php\/wp-json\/wp\/v2\/posts\/4843\/revisions"}],"predecessor-version":[{"id":4845,"href":"https:\/\/przedszkole23.edu.wroclaw.pl\/index.php\/wp-json\/wp\/v2\/posts\/4843\/revisions\/4845"}],"wp:featuredmedia":[{"embeddable":true,"href":"https:\/\/przedszkole23.edu.wroclaw.pl\/index.php\/wp-json\/wp\/v2\/media\/4844"}],"wp:attachment":[{"href":"https:\/\/przedszkole23.edu.wroclaw.pl\/index.php\/wp-json\/wp\/v2\/media?parent=4843"}],"wp:term":[{"taxonomy":"category","embeddable":true,"href":"https:\/\/przedszkole23.edu.wroclaw.pl\/index.php\/wp-json\/wp\/v2\/categories?post=4843"},{"taxonomy":"post_tag","embeddable":true,"href":"https:\/\/przedszkole23.edu.wroclaw.pl\/index.php\/wp-json\/wp\/v2\/tags?post=4843"}],"curies":[{"name":"wp","href":"https:\/\/api.w.org\/{rel}","templated":true}]}}