
{"id":4919,"date":"2022-04-06T17:06:28","date_gmt":"2022-04-06T15:06:28","guid":{"rendered":"https:\/\/przedszkole23.edu.wroclaw.pl\/?p=4919"},"modified":"2022-04-06T17:06:02","modified_gmt":"2022-04-06T15:06:02","slug":"wydarzenia-kwiecien-2022","status":"publish","type":"post","link":"https:\/\/przedszkole23.edu.wroclaw.pl\/index.php\/2022\/04\/06\/wydarzenia-kwiecien-2022\/","title":{"rendered":"Wydarzenia kwiecie\u0144 2022"},"content":{"rendered":"<div class=\"wpb-content-wrapper\"><p>[vc_row][vc_column][vc_column_text css=&#8221;.vc_custom_1649254623363{margin-right: 400px !important;}&#8221;]<\/p>\n<p align=\"center\"><span style=\"color: #ff0000\"><span style=\"font-size: large\"><i><b>WYDARZENIA W NASZYM PRZEDSZKOLU<\/b><\/i><\/span><\/span><\/p>\n<p align=\"center\"><span style=\"color: #ff0000\"><span style=\"font-size: large\"><i><b>kwiecie\u0144 2022<\/b><\/i><\/span><\/span><\/p>\n<table style=\"border-color: #000000\" border=\"1\" cellspacing=\"0\" cellpadding=\"7\">\n<tbody>\n<tr style=\"border-color: #000000\" valign=\"top\">\n<td width=\"165\" height=\"35\">\n<p align=\"center\"><span style=\"font-size: large;color: #000000\"><i><b>Termin<\/b><\/i><\/span><\/p>\n<\/td>\n<td width=\"515\">\n<p align=\"center\"><span style=\"font-size: large;color: #000000\"><i><b>Rodzaj<\/b><\/i><\/span><\/p>\n<\/td>\n<td width=\"306\">\n<p align=\"center\"><span style=\"font-size: large;color: #000000\"><i><b>Op\u0142aty <\/b><\/i><\/span><\/p>\n<\/td>\n<\/tr>\n<tr style=\"border-color: #000000\">\n<td style=\"background: #ffc000\" colspan=\"3\" valign=\"top\" bgcolor=\"#ffc000\" width=\"1014\" height=\"43\">\n<p align=\"center\"><span style=\"font-size: large;color: #000000\"><i><b>DZIA\u0141ANIA EDUKACYJNE W PRZEDSZKOLU<\/b><\/i><\/span><\/p>\n<\/td>\n<\/tr>\n<tr style=\"border-color: #000000\" valign=\"top\">\n<td width=\"165\" height=\"92\">\n<p align=\"center\"><span style=\"font-size: large;color: #000000\"><i><b>25-29.04.2022<\/b><\/i><\/span><\/p>\n<p align=\"center\"><span style=\"font-size: large;color: #000000\"><i><b>(Poniedzia\u0142ek- pi\u0105tek)<\/b><\/i><\/span><\/p>\n<\/td>\n<td width=\"515\">\n<p align=\"center\"><span style=\"font-family: 'Times New Roman', serif;color: #000000\"><span style=\"font-size: large\"><b>Projekt edukacyjny <\/b><\/span><\/span><\/p>\n<p align=\"center\"><span style=\"color: #000000\">\u201e<span style=\"font-size: large\"><b>Eko\u015bwiat -Koliber, flaming, papuga \u2013<\/b><\/span><\/span><\/p>\n<p align=\"center\"><span style=\"font-size: large;color: #000000\"><b>dooko\u0142a \u015bwiata tropem czystej planety\u201d<\/b><\/span><\/p>\n<\/td>\n<td width=\"306\">\n<p align=\"center\"><span style=\"font-size: large;color: #000000\"><i>W ramach planu pracy<\/i><\/span><\/p>\n<p align=\"center\"><span style=\"font-size: large;color: #000000\"><i>Przedszkola<\/i><\/span><\/p>\n<\/td>\n<\/tr>\n<tr style=\"border-color: #000000\">\n<td style=\"background: #ffc000\" colspan=\"3\" valign=\"top\" bgcolor=\"#ffc000\" width=\"1014\" height=\"41\">\n<p align=\"center\"><span style=\"font-size: large;color: #000000\"><i><b>DZIA\u0141ANIA WE WSP\u00d3\u0141PRACY Z RODZICAMI<\/b><\/i><\/span><\/p>\n<\/td>\n<\/tr>\n<tr style=\"border-color: #000000\" valign=\"top\">\n<td style=\"background: #ffffff\" bgcolor=\"#ffffff\" width=\"165\" height=\"73\">\n<p align=\"center\"><span style=\"font-size: large;color: #000000\"><i><b>19.04.2022<\/b><\/i><\/span><\/p>\n<p align=\"center\"><span style=\"font-size: large;color: #000000\"><i><b>(wtorek)<\/b><\/i><\/span><\/p>\n<\/td>\n<td style=\"background: #ffffff\" bgcolor=\"#ffffff\" width=\"515\">\n<p align=\"center\"><span style=\"font-size: large;color: #000000\"><b>Teatrzyk \u201ePsotki, k\u0142opotki le\u015bnej istotki\u201d <\/b><\/span><\/p>\n<\/td>\n<td style=\"background: #ffffff\" bgcolor=\"#ffffff\" width=\"306\">\n<p align=\"center\"><span style=\"font-family: 'Times New Roman', serif;color: #000000\"><span style=\"font-size: large\"><i>Finansowane<br \/>\nz funduszu Rady Rodzic\u00f3w<\/i><\/span><\/span><\/p>\n<\/td>\n<\/tr>\n<tr style=\"border-color: #000000\" valign=\"top\">\n<td style=\"background: #ffffff\" bgcolor=\"#ffffff\" width=\"165\" height=\"72\">\n<p align=\"center\"><span style=\"font-size: large;color: #000000\"><i><b>25.04.2022 <\/b><\/i><\/span><\/p>\n<p align=\"center\"><span style=\"font-size: large;color: #000000\"><i><b>(Poniedzia\u0142ek) <\/b><\/i><\/span><\/p>\n<\/td>\n<td style=\"background: #ffffff\" bgcolor=\"#ffffff\" width=\"515\">\n<p align=\"center\"><span style=\"font-size: large;color: #000000\"><b>Koncert muzyczny \u201eMuzyczne opowie\u015bci-<\/b><\/span><\/p>\n<p align=\"center\"><span style=\"font-size: large;color: #000000\"><b>Skrzaty, gnomy i Kr\u00f3l G\u00f3r\u201d <\/b><\/span><\/p>\n<\/td>\n<td style=\"background: #ffffff\" bgcolor=\"#ffffff\" width=\"306\">\n<p align=\"center\"><span style=\"font-family: 'Times New Roman', serif;color: #000000\"><span style=\"font-size: large\"><i>Finansowane<br \/>\nz funduszu Rady Rodzic\u00f3w<\/i><\/span><\/span><\/p>\n<\/td>\n<\/tr>\n<\/tbody>\n<\/table>\n<p>[\/vc_column_text][\/vc_column][\/vc_row]<\/p>\n<\/div>","protected":false},"excerpt":{"rendered":"<p>[vc_row][vc_column][vc_column_text css=&#8221;.vc_custom_1649254623363{margin-right: 400px !important;}&#8221;] WYDARZENIA W NASZYM PRZEDSZKOLU kwiecie\u0144 2022 Termin Rodzaj Op\u0142aty DZIA\u0141ANIA EDUKACYJNE W PRZEDSZKOLU 25-29.04.2022 (Poniedzia\u0142ek- pi\u0105tek) Projekt edukacyjny \u201eEko\u015bwiat -Koliber, flaming, papuga \u2013 dooko\u0142a \u015bwiata tropem [&hellip;]<\/p>\n","protected":false},"author":77,"featured_media":4934,"comment_status":"closed","ping_status":"closed","sticky":false,"template":"","format":"standard","meta":{"footnotes":""},"categories":[3],"tags":[],"class_list":["post-4919","post","type-post","status-publish","format-standard","has-post-thumbnail","hentry","category-aktualnosci","clearfix"],"_links":{"self":[{"href":"https:\/\/przedszkole23.edu.wroclaw.pl\/index.php\/wp-json\/wp\/v2\/posts\/4919","targetHints":{"allow":["GET"]}}],"collection":[{"href":"https:\/\/przedszkole23.edu.wroclaw.pl\/index.php\/wp-json\/wp\/v2\/posts"}],"about":[{"href":"https:\/\/przedszkole23.edu.wroclaw.pl\/index.php\/wp-json\/wp\/v2\/types\/post"}],"author":[{"embeddable":true,"href":"https:\/\/przedszkole23.edu.wroclaw.pl\/index.php\/wp-json\/wp\/v2\/users\/77"}],"replies":[{"embeddable":true,"href":"https:\/\/przedszkole23.edu.wroclaw.pl\/index.php\/wp-json\/wp\/v2\/comments?post=4919"}],"version-history":[{"count":2,"href":"https:\/\/przedszkole23.edu.wroclaw.pl\/index.php\/wp-json\/wp\/v2\/posts\/4919\/revisions"}],"predecessor-version":[{"id":4935,"href":"https:\/\/przedszkole23.edu.wroclaw.pl\/index.php\/wp-json\/wp\/v2\/posts\/4919\/revisions\/4935"}],"wp:featuredmedia":[{"embeddable":true,"href":"https:\/\/przedszkole23.edu.wroclaw.pl\/index.php\/wp-json\/wp\/v2\/media\/4934"}],"wp:attachment":[{"href":"https:\/\/przedszkole23.edu.wroclaw.pl\/index.php\/wp-json\/wp\/v2\/media?parent=4919"}],"wp:term":[{"taxonomy":"category","embeddable":true,"href":"https:\/\/przedszkole23.edu.wroclaw.pl\/index.php\/wp-json\/wp\/v2\/categories?post=4919"},{"taxonomy":"post_tag","embeddable":true,"href":"https:\/\/przedszkole23.edu.wroclaw.pl\/index.php\/wp-json\/wp\/v2\/tags?post=4919"}],"curies":[{"name":"wp","href":"https:\/\/api.w.org\/{rel}","templated":true}]}}