
{"id":4925,"date":"2022-04-06T17:02:38","date_gmt":"2022-04-06T15:02:38","guid":{"rendered":"https:\/\/przedszkole23.edu.wroclaw.pl\/?p=4925"},"modified":"2022-04-06T18:43:08","modified_gmt":"2022-04-06T16:43:08","slug":"kampania-spoleczna-odlacz-sie-polacz-sie","status":"publish","type":"post","link":"https:\/\/przedszkole23.edu.wroclaw.pl\/index.php\/2022\/04\/06\/kampania-spoleczna-odlacz-sie-polacz-sie\/","title":{"rendered":"Kampania\u00a0Spo\u0142eczna \u201eOd\u0142\u0105cz si\u0119 &#8211; Po\u0142\u0105cz si\u0119&#8221;"},"content":{"rendered":"<div class=\"wpb-content-wrapper\"><p>[vc_row][vc_column][vc_column_text css=&#8221;.vc_custom_1649255845767{margin-right: 400px !important;}&#8221;]<\/p>\n<p align=\"justify\"><a name=\"_GoBack\"><\/a><span style=\"font-size: large;color: #000000\"> Przedszkole nr 23 bierze udzia\u0142 w profilaktycznym programie edukacyjnym &#8222;Re@lnie Odpowiedzialni&#8221;, kt\u00f3ry jest cz\u0119\u015bci\u0105 Og\u00f3lnopolskiej Kampanii\u00a0Spo\u0142ecznej \u201eOd\u0142\u0105cz si\u0119 &#8211; Po\u0142\u0105cz si\u0119&#8221;.<\/span><\/p>\n<p align=\"justify\"><span style=\"font-size: large;color: #000000\">Kampania jest odpowiedzi\u0105 na nowe zagro\u017cenia cywilizacyjne, na jakie\u00a0obecnie nara\u017cone s\u0105 dzieci ju\u017c od najm\u0142odszych lat: e-uzale\u017cnienia.<\/span><\/p>\n<p align=\"justify\"><span style=\"font-size: large;color: #000000\"><br \/>\nCelem Kampanii \u201eOd\u0142\u0105cz si\u0119 \u2013 Po\u0142\u0105cz si\u0119\u201d jest dotarcie do jak najwi\u0119kszej ilo\u015bci rodzic\u00f3w, opiekun\u00f3w i nauczycieli u\u017cywaj\u0105c wszelkich mo\u017cliwych kana\u0142\u00f3w, by\u2026<\/span><\/p>\n<p align=\"justify\"><span style=\"font-size: large;color: #000000\">&#8230;poznali zagro\u017cenia &#8211; niebezpiecze\u0144stwo nadmiarowego korzystania z ekran\u00f3w, jakie tre\u015bci s\u0105 niew\u0142a\u015bciwe, a jakie odpowiednie &#8211; \u015bwiadomo\u015b\u0107 rodzica<\/span><\/p>\n<p align=\"justify\"><span style=\"font-size: large;color: #000000\">&#8230;uwierzyli, \u017ce maj\u0105 wp\u0142yw &#8211; obecno\u015b\u0107 i uwa\u017cno\u015b\u0107 rodzica<\/span><\/p>\n<p align=\"justify\"><span style=\"font-size: large;color: #000000\">&#8230;wiedzieli jak post\u0119powa\u0107 w sytuacjach problemowych oraz by unikn\u0105\u0107 e-uzale\u017cnie\u0144 &#8211; relacja chroni.<\/span><\/p>\n<p>[\/vc_column_text][\/vc_column][\/vc_row][vc_row][vc_column][vc_btn title=&#8221;Co o grach elektronicznych powinien wiedzie\u0107 rodzic i nauczyciel?&#8221; color=&#8221;orange&#8221; size=&#8221;lg&#8221; align=&#8221;center&#8221; link=&#8221;url:https%3A%2F%2Fprzedszkole23.edu.wroclaw.pl%2Fwp-content%2Fuploads%2Fsites%2F32%2F2022%2F04%2FCo-o-grach-elektronicznych-powinien-wiedziec-rodzic-i-nauczyciel.pdf|target:_blank&#8221; css=&#8221;.vc_custom_1649263281587{margin-right: 400px !important;}&#8221;][\/vc_column][\/vc_row][vc_row][vc_column][vc_btn title=&#8221;U\u015aPIJ EKRANY&#8221; color=&#8221;orange&#8221; size=&#8221;lg&#8221; align=&#8221;center&#8221; link=&#8221;url:https%3A%2F%2Fprzedszkole23.edu.wroclaw.pl%2Fwp-content%2Fuploads%2Fsites%2F32%2F2022%2F04%2FNotatka-wizualna-Uspij_Ekrany_GLOWNA-PDF.pdf|target:_blank&#8221; css=&#8221;.vc_custom_1649263386449{margin-right: 400px !important;}&#8221;][\/vc_column][\/vc_row][vc_row][vc_column][vc_btn title=&#8221;WSKAZ\u00d3WKI&#8221; color=&#8221;orange&#8221; size=&#8221;lg&#8221; align=&#8221;center&#8221; link=&#8221;url:https%3A%2F%2Fprzedszkole23.edu.wroclaw.pl%2Fwp-content%2Fuploads%2Fsites%2F32%2F2022%2F04%2FNotatka-wizualna-Obudz-Swiadomosc-WSKAZOWKI-PDF.pdf|target:_blank&#8221; css=&#8221;.vc_custom_1649263325053{margin-right: 400px !important;}&#8221;][\/vc_column][\/vc_row][vc_row][vc_column][vc_btn title=&#8221;ZAGRO\u017bENIA&#8221; color=&#8221;orange&#8221; size=&#8221;lg&#8221; align=&#8221;center&#8221; link=&#8221;url:https%3A%2F%2Fprzedszkole23.edu.wroclaw.pl%2Fwp-content%2Fuploads%2Fsites%2F32%2F2022%2F04%2FNotatka-wizualna-Obudz-swiadomosc-ZAGROZENIA-PDF-.pdf|target:_blank&#8221; css=&#8221;.vc_custom_1649263345494{margin-right: 400px !important;}&#8221;][\/vc_column][\/vc_row]<\/p>\n<\/div>","protected":false},"excerpt":{"rendered":"<p>[vc_row][vc_column][vc_column_text css=&#8221;.vc_custom_1649255845767{margin-right: 400px !important;}&#8221;] Przedszkole nr 23 bierze udzia\u0142 w profilaktycznym programie edukacyjnym &#8222;Re@lnie Odpowiedzialni&#8221;, kt\u00f3ry jest cz\u0119\u015bci\u0105 Og\u00f3lnopolskiej Kampanii\u00a0Spo\u0142ecznej \u201eOd\u0142\u0105cz si\u0119 &#8211; Po\u0142\u0105cz si\u0119&#8221;. Kampania jest odpowiedzi\u0105 na nowe [&hellip;]<\/p>\n","protected":false},"author":77,"featured_media":4926,"comment_status":"closed","ping_status":"closed","sticky":false,"template":"","format":"standard","meta":{"footnotes":""},"categories":[3],"tags":[],"class_list":["post-4925","post","type-post","status-publish","format-standard","has-post-thumbnail","hentry","category-aktualnosci","clearfix"],"_links":{"self":[{"href":"https:\/\/przedszkole23.edu.wroclaw.pl\/index.php\/wp-json\/wp\/v2\/posts\/4925","targetHints":{"allow":["GET"]}}],"collection":[{"href":"https:\/\/przedszkole23.edu.wroclaw.pl\/index.php\/wp-json\/wp\/v2\/posts"}],"about":[{"href":"https:\/\/przedszkole23.edu.wroclaw.pl\/index.php\/wp-json\/wp\/v2\/types\/post"}],"author":[{"embeddable":true,"href":"https:\/\/przedszkole23.edu.wroclaw.pl\/index.php\/wp-json\/wp\/v2\/users\/77"}],"replies":[{"embeddable":true,"href":"https:\/\/przedszkole23.edu.wroclaw.pl\/index.php\/wp-json\/wp\/v2\/comments?post=4925"}],"version-history":[{"count":10,"href":"https:\/\/przedszkole23.edu.wroclaw.pl\/index.php\/wp-json\/wp\/v2\/posts\/4925\/revisions"}],"predecessor-version":[{"id":4933,"href":"https:\/\/przedszkole23.edu.wroclaw.pl\/index.php\/wp-json\/wp\/v2\/posts\/4925\/revisions\/4933"}],"wp:featuredmedia":[{"embeddable":true,"href":"https:\/\/przedszkole23.edu.wroclaw.pl\/index.php\/wp-json\/wp\/v2\/media\/4926"}],"wp:attachment":[{"href":"https:\/\/przedszkole23.edu.wroclaw.pl\/index.php\/wp-json\/wp\/v2\/media?parent=4925"}],"wp:term":[{"taxonomy":"category","embeddable":true,"href":"https:\/\/przedszkole23.edu.wroclaw.pl\/index.php\/wp-json\/wp\/v2\/categories?post=4925"},{"taxonomy":"post_tag","embeddable":true,"href":"https:\/\/przedszkole23.edu.wroclaw.pl\/index.php\/wp-json\/wp\/v2\/tags?post=4925"}],"curies":[{"name":"wp","href":"https:\/\/api.w.org\/{rel}","templated":true}]}}