
{"id":5004,"date":"2022-05-06T14:13:13","date_gmt":"2022-05-06T12:13:13","guid":{"rendered":"https:\/\/przedszkole23.edu.wroclaw.pl\/?p=5004"},"modified":"2022-05-06T14:13:13","modified_gmt":"2022-05-06T12:13:13","slug":"wydarzenia-maj-2022","status":"publish","type":"post","link":"https:\/\/przedszkole23.edu.wroclaw.pl\/index.php\/2022\/05\/06\/wydarzenia-maj-2022\/","title":{"rendered":"Wydarzenia maj 2022"},"content":{"rendered":"<div class=\"wpb-content-wrapper\"><p>[vc_row][vc_column][vc_column_text]<\/p>\n<p align=\"center\"><span style=\"color: #ff0000\"><span style=\"font-size: large\"><i><b>WYDARZENIA W NASZYM PRZEDSZKOLU<\/b><\/i><\/span><\/span><\/p>\n<p align=\"center\"><span style=\"color: #ff0000\"><span style=\"font-size: large\"><i><b>maj 2022<\/b><\/i><\/span><\/span><\/p>\n<table style=\"border-color: #000000\" border=\"1\" cellspacing=\"0\" cellpadding=\"7\">\n<tbody>\n<tr valign=\"top\">\n<td style=\"border-color: #000000\" width=\"165\" height=\"18\">\n<p align=\"center\"><span style=\"font-family: Arial, serif;color: #000000\"><span style=\"font-size: medium\"><i><b>Termin<\/b><\/i><\/span><\/span><\/p>\n<\/td>\n<td style=\"border-color: #000000\" width=\"515\">\n<p align=\"center\"><span style=\"font-family: Arial, serif;color: #000000\"><span style=\"font-size: medium\"><i><b>Rodzaj<\/b><\/i><\/span><\/span><\/p>\n<\/td>\n<td style=\"border-color: #000000\" width=\"306\">\n<p align=\"center\"><span style=\"font-family: Arial, serif;color: #000000\"><span style=\"font-size: medium\"><i><b>Op\u0142aty <\/b><\/i><\/span><\/span><\/p>\n<\/td>\n<\/tr>\n<tr>\n<td style=\"background: #ffc000;border-color: #000000\" colspan=\"3\" valign=\"top\" bgcolor=\"#ffc000\" width=\"1014\" height=\"43\">\n<p align=\"center\"><span style=\"font-family: Arial, serif;color: #000000\"><span style=\"font-size: medium\"><i><b>DZIA\u0141ANIA EDUKACYJNE W PRZEDSZKOLU<\/b><\/i><\/span><\/span><\/p>\n<\/td>\n<\/tr>\n<tr valign=\"top\">\n<td style=\"border-color: #000000\" width=\"165\" height=\"50\">\n<p align=\"center\"><span style=\"font-family: Arial, serif;color: #000000\"><span style=\"font-size: medium\"><i>09-13.05.2022 r.<\/i><\/span><\/span><\/p>\n<p align=\"center\"><span style=\"font-family: Arial, serif;color: #000000\"><span style=\"font-size: medium\"><i>(Poniedzia\u0142ek- pi\u0105tek)<\/i><\/span><\/span><\/p>\n<\/td>\n<td style=\"border-color: #000000\" width=\"515\">\n<p align=\"center\"><span style=\"font-family: Arial, serif;color: #000000\"><span style=\"font-size: medium\">Projekt edukacyjny<\/span><\/span><\/p>\n<p align=\"center\"><span style=\"font-family: Arial, serif;color: #000000\"><span style=\"font-size: medium\">Eko\u015bwiat -Koliber, flaming, papuga \u2013 <\/span><\/span><\/p>\n<p align=\"center\"><span style=\"font-family: Arial, serif;color: #000000\"><span style=\"font-size: medium\">dooko\u0142a \u015bwiata tropem czystej planety\u201d<\/span><\/span><\/p>\n<\/td>\n<td style=\"border-color: #000000\" width=\"306\">\n<p align=\"center\"><span style=\"font-family: Arial, serif;color: #000000\"><span style=\"font-size: medium\"><i>W ramach planu pracy<\/i><\/span><\/span><\/p>\n<p align=\"center\"><span style=\"font-family: Arial, serif;color: #000000\"><span style=\"font-size: medium\"><i>Przedszkola <\/i><\/span><\/span><\/p>\n<\/td>\n<\/tr>\n<tr valign=\"top\">\n<td style=\"border-color: #000000\" width=\"165\">\n<p align=\"center\"><span style=\"font-family: Arial, serif;color: #000000\"><span style=\"font-size: medium\"><i>10.05.2022 r. (wtorek) <\/i><\/span><\/span><\/p>\n<\/td>\n<td style=\"border-color: #000000\" width=\"515\">\n<p align=\"center\"><span style=\"font-family: Calibri, serif;color: #000000\"><span style=\"font-family: Arial, serif\"><span style=\"font-size: medium\">Warsztaty \u201eZabawy kreatywne\u201d<\/span><\/span><\/span><\/p>\n<p align=\"center\"><span style=\"font-family: Calibri, serif;color: #000000\"><span style=\"font-family: Arial, serif\"><span style=\"font-size: medium\">(grupa Kredki i Podr\u00f3\u017cnicy)<\/span><\/span><\/span><\/p>\n<\/td>\n<td style=\"border-color: #000000\" width=\"306\">\n<p align=\"center\"><span style=\"font-family: Arial, serif;color: #000000\"><span style=\"font-size: medium\"><i>Program Miasta Wroc\u0142aw<\/i><\/span><\/span><\/p>\n<\/td>\n<\/tr>\n<tr valign=\"top\">\n<td style=\"border-color: #000000\" width=\"165\" height=\"61\">\n<p align=\"center\"><span style=\"font-family: Arial, serif;color: #000000\"><span style=\"font-size: medium\">16-20.05.2022 r.<\/span><\/span><\/p>\n<p align=\"center\"><span style=\"font-family: Arial, serif;color: #000000\"><span style=\"font-size: medium\">(poniedzia\u0142ek-pi\u0105tek)<\/span><\/span><\/p>\n<\/td>\n<td style=\"border-color: #000000\" width=\"515\">\n<p align=\"center\"><span style=\"font-family: Calibri, serif;color: #000000\"><span style=\"font-family: Arial, serif\"><span style=\"font-size: medium\">Projekt edukacyjny <\/span><\/span><\/span><\/p>\n<p align=\"center\"><span style=\"color: #000000\">\u201e<span style=\"font-family: Calibri, serif\"><span style=\"font-family: Arial, serif\"><span style=\"font-size: medium\">O czym bzycz\u0105 pszczo\u0142y w ulu? \u2013 <\/span><\/span><\/span><\/span><\/p>\n<p align=\"center\"><span style=\"font-family: Calibri, serif;color: #000000\"><span style=\"font-family: Arial, serif\"><span style=\"font-size: medium\">poznajemy \u017cycie i zwyczaje pszcz\u00f3\u0142\u201d.<\/span><\/span><\/span><\/p>\n<\/td>\n<td style=\"border-color: #000000\" width=\"306\">\n<p align=\"center\"><span style=\"font-family: Arial, serif;color: #000000\"><span style=\"font-size: medium\"><i>W ramach planu pracy<\/i><\/span><\/span><\/p>\n<p align=\"center\"><span style=\"font-family: Arial, serif;color: #000000\"><span style=\"font-size: medium\"><i>Przedszkola<\/i><\/span><\/span><\/p>\n<\/td>\n<\/tr>\n<tr valign=\"top\">\n<td style=\"border-color: #000000\" width=\"165\" height=\"34\">\n<p align=\"center\"><span style=\"font-family: Arial, serif;color: #000000\"><span style=\"font-size: medium\"><i>17.05.2022 r.<\/i><\/span><\/span><\/p>\n<p align=\"center\"><span style=\"font-family: Arial, serif;color: #000000\"><span style=\"font-size: medium\"><i>(wtorek) <\/i><\/span><\/span><\/p>\n<\/td>\n<td style=\"border-color: #000000\" width=\"515\">\n<p align=\"center\"><span style=\"font-family: Calibri, serif;color: #000000\"><span style=\"font-family: Arial, serif\"><span style=\"font-size: medium\">Warsztaty \u201eZabawy podw\u00f3rkowe\u201d<\/span><\/span><\/span><\/p>\n<p align=\"center\"><span style=\"font-family: Calibri, serif;color: #000000\"><span style=\"font-family: Arial, serif\"><span style=\"font-size: medium\">(grupa Kredki i Podr\u00f3\u017cnicy)<\/span><\/span><\/span><\/p>\n<\/td>\n<td style=\"border-color: #000000\" width=\"306\">\n<p align=\"center\"><span style=\"font-family: Arial, serif;color: #000000\"><span style=\"font-size: medium\"><i>Program Miasta Wroc\u0142aw<\/i><\/span><\/span><\/p>\n<\/td>\n<\/tr>\n<tr valign=\"top\">\n<td style=\"border-color: #000000\" width=\"165\" height=\"32\">\n<p align=\"center\"><span style=\"font-family: Arial, serif;color: #000000\"><span style=\"font-size: medium\"><i>23- 27.05.2022 r.<\/i><\/span><\/span><\/p>\n<p align=\"center\"><span style=\"font-family: Arial, serif;color: #000000\"><span style=\"font-size: medium\"><i>(poniedzia\u0142ek- pi\u0105tek) <\/i><\/span><\/span><\/p>\n<\/td>\n<td style=\"border-color: #000000\" width=\"515\">\n<p align=\"center\"><span style=\"font-family: Arial, serif;color: #000000\"><span style=\"font-size: medium\">Dzie\u0144 Rodziny \u2013uroczyste spotkania z rodzicami wed\u0142ug harmonogramu <\/span><\/span><\/p>\n<\/td>\n<td style=\"border-color: #000000\" width=\"306\">\n<p align=\"center\"><span style=\"font-family: Arial, serif;color: #000000\"><span style=\"font-size: medium\"><i>W ramach planu pracy<\/i><\/span><\/span><\/p>\n<p align=\"center\"><span style=\"font-family: Arial, serif;color: #000000\"><span style=\"font-size: medium\"><i>Przedszkola<\/i><\/span><\/span><\/p>\n<\/td>\n<\/tr>\n<tr>\n<td style=\"background: #ffc000;border-color: #000000\" colspan=\"3\" valign=\"top\" bgcolor=\"#ffc000\" width=\"1014\" height=\"29\">\n<p align=\"center\"><span style=\"font-family: Arial, serif;color: #000000\"><span style=\"font-size: medium\"><i><b>DZIA\u0141ANIA WE WSP\u00d3\u0141PRACY Z RODZICAMI<\/b><\/i><\/span><\/span><\/p>\n<\/td>\n<\/tr>\n<tr valign=\"top\">\n<td style=\"background: #ffffff;border-color: #000000\" bgcolor=\"#ffffff\" width=\"165\" height=\"29\">\n<p align=\"center\"><span style=\"font-family: Arial, serif;color: #000000\"><span style=\"font-size: medium\"><i>09.05.2022 r (poniedzia\u0142ek)<\/i><\/span><\/span><\/p>\n<\/td>\n<td style=\"background: #ffffff;border-color: #000000\" bgcolor=\"#ffffff\" width=\"515\">\n<p align=\"center\"><span style=\"font-family: Arial, serif;color: #000000\"><span style=\"font-size: medium\">Tetarzyk Kropa \u201eDooko\u0142a \u015bwiata zaczarowanym balonem\u201d<\/span><\/span><\/p>\n<\/td>\n<td style=\"background: #ffffff;border-color: #000000\" bgcolor=\"#ffffff\" width=\"306\">\n<p align=\"center\"><span style=\"font-family: Arial, serif;color: #000000\"><span style=\"font-size: medium\"><i>Finansowane<br \/>\nz funduszu Rady Rodzic\u00f3w<\/i><\/span><\/span><\/p>\n<\/td>\n<\/tr>\n<tr valign=\"top\">\n<td style=\"border-color: #000000\" width=\"165\" height=\"43\">\n<p align=\"center\"><span style=\"font-family: Arial, serif;color: #000000\"><span style=\"font-size: medium\"><i>11.05.2022 r.<\/i><\/span><\/span><\/p>\n<p align=\"center\"><span style=\"font-family: Arial, serif;color: #000000\"><span style=\"font-size: medium\"><i>(\u015broda)<\/i><\/span><\/span><\/p>\n<\/td>\n<td style=\"border-color: #000000\" width=\"515\">\n<p align=\"center\"><span style=\"font-family: Arial, serif;color: #000000\"><span style=\"font-size: medium\">Wyj\u015bcie do kina &#8211; Kinoprzedszkole DCF \u201eJak dba\u0107 o zwierz\u0119ta\u201d <\/span><\/span><\/p>\n<p align=\"center\"><span style=\"font-family: Arial, serif;color: #000000\"><span style=\"font-size: medium\">(grupa Kredki i Podr\u00f3\u017cnicy)<\/span><\/span><\/p>\n<\/td>\n<td style=\"border-color: #000000\" width=\"306\">\n<p align=\"center\"><span style=\"font-family: Arial, serif;color: #000000\"><span style=\"font-size: medium\"><i>Op\u0142aty ponoszone przez Rodzic\u00f3w<br \/>\ndzieci z tych grup <\/i><\/span><\/span><\/p>\n<\/td>\n<\/tr>\n<tr valign=\"top\">\n<td style=\"background: #ffffff;border-color: #000000\" bgcolor=\"#ffffff\" width=\"165\" height=\"30\">\n<p align=\"center\"><span style=\"font-family: Arial, serif;color: #000000\"><span style=\"font-size: medium\"><i>16.05.2022 r. <\/i><\/span><\/span><\/p>\n<p align=\"center\"><span style=\"font-family: Arial, serif;color: #000000\"><span style=\"font-size: medium\"><i>(poniedzia\u0142ek) <\/i><\/span><\/span><\/p>\n<\/td>\n<td style=\"background: #ffffff;border-color: #000000\" bgcolor=\"#ffffff\" width=\"515\">\n<p align=\"center\"><span style=\"font-family: Arial, serif;color: #000000\"><span style=\"font-size: medium\">Koncert muzyczny \u201eLegendy opowiedziane muzyk\u0105- Szewczyk Dratewka\u201d<\/span><\/span><\/p>\n<\/td>\n<td style=\"background: #ffffff;border-color: #000000\" bgcolor=\"#ffffff\" width=\"306\">\n<p align=\"center\"><span style=\"font-family: Arial, serif;color: #000000\"><span style=\"font-size: medium\"><i>Finansowane<br \/>\nz funduszu Rady Rodzic\u00f3w<\/i><\/span><\/span><\/p>\n<\/td>\n<\/tr>\n<tr valign=\"top\">\n<td style=\"background: #ffffff;border-color: #000000\" bgcolor=\"#ffffff\" width=\"165\" height=\"33\">\n<p align=\"center\"><span style=\"font-family: Arial, serif;color: #000000\"><span style=\"font-size: medium\"><i>20.05.2022 r.<\/i><\/span><\/span><\/p>\n<p align=\"center\"><span style=\"font-family: Arial, serif;color: #000000\"><span style=\"font-size: medium\"><i>(pi\u0105tek) <\/i><\/span><\/span><\/p>\n<\/td>\n<td style=\"background: #ffffff;border-color: #000000\" bgcolor=\"#ffffff\" width=\"515\">\n<p align=\"center\"><span style=\"font-family: Arial, serif;color: #000000\"><span style=\"font-size: medium\">Teatrzyk Pacu\u015b \u201e Przygody Je\u017ca Kolczatka\u201d<\/span><\/span><\/p>\n<\/td>\n<td style=\"background: #ffffff;border-color: #000000\" bgcolor=\"#ffffff\" width=\"306\">\n<p align=\"center\"><span style=\"font-family: Arial, serif;color: #000000\"><span style=\"font-size: medium\"><i>Finansowane<br \/>\nz funduszu Rady Rodzic\u00f3w<\/i><\/span><\/span><\/p>\n<\/td>\n<\/tr>\n<tr valign=\"top\">\n<td style=\"background: #ffffff;border-color: #000000\" bgcolor=\"#ffffff\" width=\"165\" height=\"32\">\n<p align=\"center\"><span style=\"font-family: Arial, serif;color: #000000\"><span style=\"font-size: medium\"><i>30.05.2022 r.<\/i><\/span><\/span><\/p>\n<p align=\"center\"><span style=\"font-family: Arial, serif;color: #000000\"><span style=\"font-size: medium\"><i>(poniedzia\u0142ek) <\/i><\/span><\/span><\/p>\n<\/td>\n<td style=\"background: #ffffff;border-color: #000000\" bgcolor=\"#ffffff\" width=\"515\">\n<p align=\"center\"><span style=\"font-family: Arial, serif;color: #000000\"><span style=\"font-size: medium\">Program edukacyjny o bezpiecze\u0144stwie \u201eStop wypadkom\u201d <\/span><\/span><\/p>\n<\/td>\n<td style=\"background: #ffffff;border-color: #000000\" bgcolor=\"#ffffff\" width=\"306\">\n<p align=\"center\"><span style=\"font-family: Arial, serif;color: #000000\"><span style=\"font-size: medium\"><i>Finansowane<br \/>\nz funduszu Rady Rodzic\u00f3w<\/i><\/span><\/span><\/p>\n<\/td>\n<\/tr>\n<\/tbody>\n<\/table>\n<p>[\/vc_column_text][\/vc_column][\/vc_row]<\/p>\n<\/div>","protected":false},"excerpt":{"rendered":"<p>[vc_row][vc_column][vc_column_text] WYDARZENIA W NASZYM PRZEDSZKOLU maj 2022 Termin Rodzaj Op\u0142aty DZIA\u0141ANIA EDUKACYJNE W PRZEDSZKOLU 09-13.05.2022 r. (Poniedzia\u0142ek- pi\u0105tek) Projekt edukacyjny Eko\u015bwiat -Koliber, flaming, papuga \u2013 dooko\u0142a \u015bwiata tropem czystej planety\u201d [&hellip;]<\/p>\n","protected":false},"author":77,"featured_media":5002,"comment_status":"closed","ping_status":"closed","sticky":false,"template":"","format":"standard","meta":{"footnotes":""},"categories":[3],"tags":[],"class_list":["post-5004","post","type-post","status-publish","format-standard","has-post-thumbnail","hentry","category-aktualnosci","clearfix"],"_links":{"self":[{"href":"https:\/\/przedszkole23.edu.wroclaw.pl\/index.php\/wp-json\/wp\/v2\/posts\/5004","targetHints":{"allow":["GET"]}}],"collection":[{"href":"https:\/\/przedszkole23.edu.wroclaw.pl\/index.php\/wp-json\/wp\/v2\/posts"}],"about":[{"href":"https:\/\/przedszkole23.edu.wroclaw.pl\/index.php\/wp-json\/wp\/v2\/types\/post"}],"author":[{"embeddable":true,"href":"https:\/\/przedszkole23.edu.wroclaw.pl\/index.php\/wp-json\/wp\/v2\/users\/77"}],"replies":[{"embeddable":true,"href":"https:\/\/przedszkole23.edu.wroclaw.pl\/index.php\/wp-json\/wp\/v2\/comments?post=5004"}],"version-history":[{"count":1,"href":"https:\/\/przedszkole23.edu.wroclaw.pl\/index.php\/wp-json\/wp\/v2\/posts\/5004\/revisions"}],"predecessor-version":[{"id":5005,"href":"https:\/\/przedszkole23.edu.wroclaw.pl\/index.php\/wp-json\/wp\/v2\/posts\/5004\/revisions\/5005"}],"wp:featuredmedia":[{"embeddable":true,"href":"https:\/\/przedszkole23.edu.wroclaw.pl\/index.php\/wp-json\/wp\/v2\/media\/5002"}],"wp:attachment":[{"href":"https:\/\/przedszkole23.edu.wroclaw.pl\/index.php\/wp-json\/wp\/v2\/media?parent=5004"}],"wp:term":[{"taxonomy":"category","embeddable":true,"href":"https:\/\/przedszkole23.edu.wroclaw.pl\/index.php\/wp-json\/wp\/v2\/categories?post=5004"},{"taxonomy":"post_tag","embeddable":true,"href":"https:\/\/przedszkole23.edu.wroclaw.pl\/index.php\/wp-json\/wp\/v2\/tags?post=5004"}],"curies":[{"name":"wp","href":"https:\/\/api.w.org\/{rel}","templated":true}]}}