
{"id":5006,"date":"2022-05-06T14:17:59","date_gmt":"2022-05-06T12:17:59","guid":{"rendered":"https:\/\/przedszkole23.edu.wroclaw.pl\/?p=5006"},"modified":"2022-05-06T14:51:52","modified_gmt":"2022-05-06T12:51:52","slug":"harmonogram-spotkan-z-okazji-dnia-rodziny","status":"publish","type":"post","link":"https:\/\/przedszkole23.edu.wroclaw.pl\/index.php\/2022\/05\/06\/harmonogram-spotkan-z-okazji-dnia-rodziny\/","title":{"rendered":"HARMONOGRAM SPOTKA\u0143 Z OKAZJI DNIA RODZINY"},"content":{"rendered":"<div class=\"wpb-content-wrapper\"><p>[vc_row][vc_column][vc_column_text]<\/p>\n<p class=\"western\" align=\"center\"><span style=\"color: #cc00cc\"><span style=\"font-family: Bodoni MT, serif\"><span style=\"font-size: x-large\"><b>H<\/b><\/span><\/span><\/span><span style=\"color: #cc00cc\"><span style=\"font-family: Bodoni MT, serif\"><span style=\"font-size: large\"><b>ARMONOGRAM SPOTKA<\/b><\/span><\/span><\/span><span style=\"color: #cc00cc\"><span style=\"font-family: Cambria, serif\"><span style=\"font-size: large\"><b>\u0143<\/b><\/span><\/span><\/span><span style=\"color: #cc00cc\"><span style=\"font-family: Bodoni MT, serif\"><span style=\"font-size: large\"><b> Z OKAZJI DNIA RODZINY<\/b><\/span><\/span><\/span><\/p>\n<table style=\"border-color: #000000\" border=\"1\" cellspacing=\"0\" cellpadding=\"7\">\n<tbody>\n<tr valign=\"top\">\n<td style=\"background: transparent;border-color: #000000\" width=\"382\" height=\"25\">\n<p align=\"center\"><span style=\"color: #cc00cc\"><span style=\"font-size: large\"><i><b>DATA I GODZINA SPOTKANIA<\/b><\/i><\/span><\/span><\/p>\n<\/td>\n<td style=\"background: transparent;border-color: #000000\" width=\"247\">\n<p align=\"center\"><span style=\"color: #cc00cc\"><span style=\"font-size: large\"><i><b>GRUPA<\/b><\/i><\/span><\/span><\/p>\n<\/td>\n<\/tr>\n<tr valign=\"top\">\n<td style=\"background: transparent;border-color: #000000\" width=\"382\" height=\"53\">\n<p align=\"justify\"><span style=\"color: #2e74b5\"><span style=\"font-size: large\"><i><b>23.05.2022 r<\/b><\/i><\/span><\/span><span style=\"color: #2e74b5\"><span style=\"font-size: large\"><i>.(poniedzia\u0142ek) , godzina 15:00 <\/i><\/span><\/span><\/p>\n<\/td>\n<td style=\"background: transparent;border-color: #000000\" width=\"247\"><span style=\"color: #2e74b5\"><span style=\"font-size: large\"><i>S\u00f3wki (sala 8) <\/i><\/span><\/span><\/td>\n<\/tr>\n<tr valign=\"top\">\n<td style=\"background: transparent;border-color: #000000\" width=\"382\" height=\"53\">\n<p align=\"justify\"><span style=\"color: #2e74b5\"><span style=\"font-size: large\"><i><b>23.05.2022 r.<\/b><\/i><\/span><\/span><span style=\"color: #2e74b5\"><span style=\"font-size: large\"><i> (poniedzia\u0142ek) godzina 16:00<\/i><\/span><\/span><\/p>\n<\/td>\n<td style=\"background: transparent;border-color: #000000\" width=\"247\"><span style=\"color: #2e74b5\"><span style=\"font-size: large\"><i>Dzwoneczki (sala 7)<\/i><\/span><\/span><\/td>\n<\/tr>\n<tr valign=\"top\">\n<td style=\"background: transparent;border-color: #000000\" width=\"382\" height=\"26\">\n<p align=\"justify\"><span style=\"color: #2e74b5\"><span style=\"font-size: large\"><i><b>24.05.2022 r.<\/b><\/i><\/span><\/span><span style=\"color: #2e74b5\"><span style=\"font-size: large\"><i> (wtorek) godzina 15:00 <\/i><\/span><\/span><\/p>\n<\/td>\n<td style=\"background: transparent;border-color: #000000\" width=\"247\"><span style=\"color: #2e74b5\"><span style=\"font-size: large\"><i>Zaczarowane kredki (sala 2)<\/i><\/span><\/span><\/td>\n<\/tr>\n<tr valign=\"top\">\n<td style=\"background: transparent;border-color: #000000\" width=\"382\" height=\"26\">\n<p align=\"justify\"><span style=\"color: #2e74b5\"><span style=\"font-size: large\"><i><b>24.05.2022 r.<\/b><\/i><\/span><\/span><span style=\"color: #2e74b5\"><span style=\"font-size: large\"><i> (wtorek) godzina 16:00<\/i><\/span><\/span><\/p>\n<\/td>\n<td style=\"background: transparent;border-color: #000000\" width=\"247\"><span style=\"color: #2e74b5\"><span style=\"font-size: large\"><i>Podr\u00f3\u017cnicy (sala 3) <\/i><\/span><\/span><\/td>\n<\/tr>\n<tr valign=\"top\">\n<td style=\"background: transparent;border-color: #000000\" width=\"382\" height=\"26\">\n<p align=\"justify\"><span style=\"color: #2e74b5\"><span style=\"font-size: large\"><i><b>25.05.2022 r.<\/b><\/i><\/span><\/span><span style=\"color: #2e74b5\"><span style=\"font-size: large\"><i> (\u015broda) godzina 15:00 <\/i><\/span><\/span><\/p>\n<\/td>\n<td style=\"background: transparent;border-color: #000000\" width=\"247\"><span style=\"color: #2e74b5\"><span style=\"font-size: large\"><i>Arty\u015bci (sala 1)<\/i><\/span><\/span><\/td>\n<\/tr>\n<tr valign=\"top\">\n<td style=\"background: transparent;border-color: #000000\" width=\"382\" height=\"26\">\n<p align=\"justify\"><span style=\"color: #2e74b5\"><span style=\"font-size: large\"><i><b>26.05.2022 r.<\/b><\/i><\/span><\/span><span style=\"color: #2e74b5\"><span style=\"font-size: large\"><i> (czwartek) godzina 15:00<\/i><\/span><\/span><\/p>\n<\/td>\n<td style=\"background: transparent;border-color: #000000\" width=\"247\"><span style=\"color: #2e74b5\"><span style=\"font-size: large\"><i>Ta\u0144cz\u0105ce Iskierki (sala 9)<\/i><\/span><\/span><\/td>\n<\/tr>\n<tr valign=\"top\">\n<td style=\"background: transparent;border-color: #000000\" width=\"382\" height=\"25\">\n<p align=\"justify\"><span style=\"color: #2e74b5\"><span style=\"font-size: large\"><i><b>26.05.2022 r.<\/b><\/i><\/span><\/span><span style=\"color: #2e74b5\"><span style=\"font-size: large\"><i> (czwartek) godzina 16:00 <\/i><\/span><\/span><\/p>\n<\/td>\n<td style=\"background: transparent;border-color: #000000\" width=\"247\"><span style=\"color: #2e74b5\"><span style=\"font-size: large\"><i>Mali Badacze (sala 6)<\/i><\/span><\/span><\/td>\n<\/tr>\n<tr valign=\"top\">\n<td style=\"background: transparent;border-color: #000000\" width=\"382\" height=\"26\">\n<p align=\"justify\"><span style=\"color: #2e74b5\"><span style=\"font-size: large\"><i><b>27.05.2022 r.<\/b><\/i><\/span><\/span><span style=\"color: #2e74b5\"><span style=\"font-size: large\"><i> (pi\u0105tek) godzina 15:00 <\/i><\/span><\/span><\/p>\n<\/td>\n<td style=\"background: transparent;border-color: #000000\" width=\"247\"><span style=\"color: #2e74b5\"><span style=\"font-size: large\"><i>Tropiciele (sala 5) <\/i><\/span><\/span><\/td>\n<\/tr>\n<tr valign=\"top\">\n<td style=\"background: transparent;border-color: #000000\" width=\"382\" height=\"58\">\n<p align=\"justify\"><span style=\"color: #2e74b5\"><span style=\"font-size: large\"><i><b>27.05.2022 r.<\/b><\/i><\/span><\/span><span style=\"color: #2e74b5\"><span style=\"font-size: large\"><i> (pi\u0105tek) godzina 16:00<\/i><\/span><\/span><\/p>\n<\/td>\n<td style=\"background: transparent;border-color: #000000\" width=\"247\"><span style=\"color: #2e74b5\"><span style=\"font-size: large\"><i>Sportowcy (sala 4)<\/i><\/span><\/span><\/td>\n<\/tr>\n<\/tbody>\n<\/table>\n<p><span style=\"color: #cc00cc\"><span style=\"font-size: large\"><i>Miejsce: Wyst\u0119py planowane s\u0105 w ogrodzie przedszkolnym.<\/i><\/span><\/span>[\/vc_column_text][\/vc_column][\/vc_row]<\/p>\n<\/div>","protected":false},"excerpt":{"rendered":"<p>[vc_row][vc_column][vc_column_text] HARMONOGRAM SPOTKA\u0143 Z OKAZJI DNIA RODZINY DATA I GODZINA SPOTKANIA GRUPA 23.05.2022 r.(poniedzia\u0142ek) , godzina 15:00 S\u00f3wki (sala 8) 23.05.2022 r. (poniedzia\u0142ek) godzina 16:00 Dzwoneczki (sala 7) 24.05.2022 r. [&hellip;]<\/p>\n","protected":false},"author":77,"featured_media":5008,"comment_status":"closed","ping_status":"closed","sticky":false,"template":"","format":"standard","meta":{"footnotes":""},"categories":[3],"tags":[],"class_list":["post-5006","post","type-post","status-publish","format-standard","has-post-thumbnail","hentry","category-aktualnosci","clearfix"],"_links":{"self":[{"href":"https:\/\/przedszkole23.edu.wroclaw.pl\/index.php\/wp-json\/wp\/v2\/posts\/5006","targetHints":{"allow":["GET"]}}],"collection":[{"href":"https:\/\/przedszkole23.edu.wroclaw.pl\/index.php\/wp-json\/wp\/v2\/posts"}],"about":[{"href":"https:\/\/przedszkole23.edu.wroclaw.pl\/index.php\/wp-json\/wp\/v2\/types\/post"}],"author":[{"embeddable":true,"href":"https:\/\/przedszkole23.edu.wroclaw.pl\/index.php\/wp-json\/wp\/v2\/users\/77"}],"replies":[{"embeddable":true,"href":"https:\/\/przedszkole23.edu.wroclaw.pl\/index.php\/wp-json\/wp\/v2\/comments?post=5006"}],"version-history":[{"count":4,"href":"https:\/\/przedszkole23.edu.wroclaw.pl\/index.php\/wp-json\/wp\/v2\/posts\/5006\/revisions"}],"predecessor-version":[{"id":5009,"href":"https:\/\/przedszkole23.edu.wroclaw.pl\/index.php\/wp-json\/wp\/v2\/posts\/5006\/revisions\/5009"}],"wp:featuredmedia":[{"embeddable":true,"href":"https:\/\/przedszkole23.edu.wroclaw.pl\/index.php\/wp-json\/wp\/v2\/media\/5008"}],"wp:attachment":[{"href":"https:\/\/przedszkole23.edu.wroclaw.pl\/index.php\/wp-json\/wp\/v2\/media?parent=5006"}],"wp:term":[{"taxonomy":"category","embeddable":true,"href":"https:\/\/przedszkole23.edu.wroclaw.pl\/index.php\/wp-json\/wp\/v2\/categories?post=5006"},{"taxonomy":"post_tag","embeddable":true,"href":"https:\/\/przedszkole23.edu.wroclaw.pl\/index.php\/wp-json\/wp\/v2\/tags?post=5006"}],"curies":[{"name":"wp","href":"https:\/\/api.w.org\/{rel}","templated":true}]}}