
{"id":5011,"date":"2022-05-06T14:31:14","date_gmt":"2022-05-06T12:31:14","guid":{"rendered":"https:\/\/przedszkole23.edu.wroclaw.pl\/?p=5011"},"modified":"2022-06-06T20:15:38","modified_gmt":"2022-06-06T18:15:38","slug":"wydarzenia-czerwiec-2022","status":"publish","type":"post","link":"https:\/\/przedszkole23.edu.wroclaw.pl\/index.php\/2022\/05\/06\/wydarzenia-czerwiec-2022\/","title":{"rendered":"Wydarzenia czerwiec 2022"},"content":{"rendered":"<div class=\"wpb-content-wrapper\"><p>[vc_row][vc_column][vc_column_text]<\/p>\n<p align=\"center\"><span style=\"color: #ff0000\"><span style=\"font-size: large\"><i><b>WYDARZENIA W NASZYM PRZEDSZKOLU<\/b><\/i><\/span><\/span><\/p>\n<p align=\"center\"><span style=\"color: #ff0000\"><span style=\"font-size: large\"><i><b>czerwiec 2022<\/b><\/i><\/span><\/span><\/p>\n<table style=\"border-color: #000000\" border=\"1\" cellspacing=\"0\" cellpadding=\"7\">\n<tbody>\n<tr style=\"border-color: #000000\" valign=\"top\">\n<td width=\"165\" height=\"18\">\n<p align=\"center\"><span style=\"font-family: Arial, serif;color: #000000\"><i><b>Termin<\/b><\/i><\/span><\/p>\n<\/td>\n<td width=\"515\">\n<p align=\"center\"><span style=\"font-family: Arial, serif;color: #000000\"><i><b>Rodzaj<\/b><\/i><\/span><\/p>\n<\/td>\n<td width=\"306\">\n<p align=\"center\"><span style=\"font-family: Arial, serif;color: #000000\"><i><b>Op\u0142aty <\/b><\/i><\/span><\/p>\n<\/td>\n<\/tr>\n<tr style=\"border-color: #000000\">\n<td style=\"background: #ffc000\" colspan=\"3\" valign=\"top\" bgcolor=\"#ffc000\" width=\"1014\" height=\"24\">\n<p align=\"center\"><span style=\"font-family: Arial, serif;color: #000000\"><i><b>DZIA\u0141ANIA EDUKACYJNE W PRZEDSZKOLU<\/b><\/i><\/span><\/p>\n<\/td>\n<\/tr>\n<tr style=\"border-color: #000000\" valign=\"top\">\n<td width=\"165\" height=\"54\">\n<p align=\"center\"><span style=\"color: #000000\"><span style=\"font-family: Arial, serif\">06-10.06.2022<\/span><span style=\"font-family: Arial, serif\"><i> (Poniedzia\u0142ek- pi\u0105tek)<\/i><\/span><\/span><\/p>\n<\/td>\n<td width=\"515\">\n<p align=\"center\"><span style=\"font-family: Arial, serif;color: #000000\">Projekt edukacyjny<\/span><\/p>\n<p align=\"center\"><span style=\"font-family: Arial, serif;color: #000000\">K\u0142amstwo ma kr\u00f3tkie nogi \u2013 rzecz<\/span><\/p>\n<p align=\"center\"><span style=\"font-family: Arial, serif;color: #000000\">o zaufaniu i bezpiecze\u0144stwie.<\/span><\/p>\n<\/td>\n<td width=\"306\">\n<p align=\"center\"><span style=\"font-family: Arial, serif;color: #000000\"><i>W ramach planu pracy<\/i><\/span><\/p>\n<p align=\"center\"><span style=\"font-family: Arial, serif;color: #000000\"><i>Przedszkola <\/i><\/span><\/p>\n<\/td>\n<\/tr>\n<tr style=\"border-color: #000000\" valign=\"top\">\n<td width=\"165\" height=\"35\">\n<p align=\"center\"><span style=\"font-family: Arial, serif;color: #000000\"><i>13. 06.2022 r.<\/i><\/span><\/p>\n<p align=\"center\"><span style=\"font-family: Arial, serif;color: #000000\"><i>(poniedzia\u0142ek) <\/i><\/span><\/p>\n<\/td>\n<td width=\"515\">\n<p align=\"center\"><span style=\"font-family: Arial, serif;color: #000000\">Uroczyste zako\u0144czenia przedszkola \u2013 Grupa Zaczarowane Kredki<\/span><\/p>\n<\/td>\n<td width=\"306\">\n<p align=\"center\"><span style=\"font-family: Arial, serif;color: #000000\"><i>W ramach planu pracy<\/i><\/span><\/p>\n<p align=\"center\"><span style=\"font-family: Arial, serif;color: #000000\"><i>Przedszkola<\/i><\/span><\/p>\n<\/td>\n<\/tr>\n<tr style=\"border-color: #000000\" valign=\"top\">\n<td width=\"165\" height=\"36\">\n<p align=\"center\"><span style=\"font-family: Arial, serif;color: #000000\"><i>14.06.2022 r.<\/i><\/span><\/p>\n<p align=\"center\"><span style=\"font-family: Arial, serif;color: #000000\"><i>(wtorek)<\/i><\/span><\/p>\n<\/td>\n<td width=\"515\">\n<p align=\"center\"><span style=\"font-family: Arial, serif;color: #000000\">Uroczyste zako\u0144czenia przedszkola \u2013 Grupa Podr\u00f3\u017cnicy<\/span><\/p>\n<\/td>\n<td width=\"306\">\n<p align=\"center\"><span style=\"font-family: Arial, serif;color: #000000\"><i>W ramach planu pracy<\/i><\/span><\/p>\n<p align=\"center\"><span style=\"font-family: Arial, serif;color: #000000\"><i>Przedszkola<\/i><\/span><\/p>\n<\/td>\n<\/tr>\n<tr style=\"border-color: #000000\" valign=\"top\">\n<td width=\"165\" height=\"36\">\n<p align=\"center\"><span style=\"font-family: Arial, serif;color: #000000\"><i>20.06.2022 r.<\/i><\/span><\/p>\n<p align=\"center\"><span style=\"font-family: Arial, serif;color: #000000\"><i>(poniedzia\u0142ek) <\/i><\/span><\/p>\n<\/td>\n<td width=\"515\">\n<p align=\"center\"><span style=\"color: #000000\"><span style=\"font-family: Arial, serif\">Wyjazd na Piknik na terenie<\/span><span style=\"font-family: Arial, serif\"> WOPR-u we Wroc\u0142awiu<\/span> <span style=\"font-family: Arial, serif\">\u201dBezpiecze\u0144stwo nad wod\u0105\u201d &#8211; grupa Podr\u00f3\u017cnicy i Zaczarowane Kredki<\/span><\/span><\/p>\n<\/td>\n<td width=\"306\">\n<p align=\"center\"><span style=\"color: #000000\"><span style=\"font-family: Arial, serif\"><i>We wsp\u00f3\u0142pracy z Urz\u0119dem miasta Wroc\u0142aw <\/i><\/span><\/span><\/p>\n<\/td>\n<\/tr>\n<tr style=\"border-color: #000000\">\n<td style=\"background: #ffc000\" colspan=\"3\" valign=\"top\" bgcolor=\"#ffc000\" width=\"1014\" height=\"16\">\n<p align=\"center\"><span style=\"font-family: Arial, serif;color: #000000\"><i><b>DZIA\u0141ANIA WE WSP\u00d3\u0141PRACY Z RODZICAMI<\/b><\/i><\/span><\/p>\n<\/td>\n<\/tr>\n<tr style=\"border-color: #000000\" valign=\"top\">\n<td style=\"background: #ffffff\" bgcolor=\"#ffffff\" width=\"165\" height=\"35\">\n<p align=\"center\"><span style=\"font-family: Arial, serif;color: #000000\"><i>01.06.2022 r.<\/i><\/span><\/p>\n<p align=\"center\"><span style=\"font-family: Arial, serif;color: #000000\"><i>(\u015broda))<\/i><\/span><\/p>\n<\/td>\n<td style=\"background: #ffffff\" bgcolor=\"#ffffff\" width=\"515\">\n<p align=\"center\"><span style=\"font-family: Arial, serif;color: #000000\">Przedszkolny Festyn z okazji Dnia Dziecka<\/span><\/p>\n<\/td>\n<td style=\"background: #ffffff\" bgcolor=\"#ffffff\" width=\"306\">\n<p align=\"center\"><span style=\"font-family: Arial, serif;color: #000000\"><i>Finansowane<br \/>\nz funduszu Rady Rodzic\u00f3w<\/i><\/span><\/p>\n<\/td>\n<\/tr>\n<tr style=\"border-color: #000000\" valign=\"top\">\n<td width=\"165\" height=\"33\">\n<p align=\"center\"><span style=\"font-family: Arial, serif;color: #000000\"><i>06.06.2022 r.<\/i><\/span><\/p>\n<p align=\"center\"><span style=\"font-family: Arial, serif;color: #000000\"><i>(poniedzia\u0142ek)<\/i><\/span><\/p>\n<\/td>\n<td width=\"515\">\n<p align=\"center\"><span style=\"font-family: Arial, serif;color: #000000\">Teatrzyk Pacu\u015b \u2018O niesfornej k\u00f3zce\u201d<\/span><\/p>\n<\/td>\n<td width=\"306\">\n<p align=\"center\"><span style=\"font-family: Arial, serif;color: #000000\"><i>Finansowane<br \/>\nz funduszu Rady Rodzic\u00f3w<\/i><\/span><\/p>\n<\/td>\n<\/tr>\n<tr style=\"border-color: #000000\" valign=\"top\">\n<td style=\"background: #ffffff\" bgcolor=\"#ffffff\" width=\"165\" height=\"66\">\n<p align=\"center\"><span style=\"font-family: Arial, serif;color: #000000\"><i>20. 06.2022 r.<\/i><\/span><\/p>\n<p align=\"center\"><span style=\"font-family: Arial, serif;color: #000000\"><i>(poniedzia\u0142ek) <\/i><\/span><\/p>\n<\/td>\n<td style=\"background: #ffffff\" bgcolor=\"#ffffff\" width=\"515\">\n<p align=\"center\"><span style=\"color: #000000\"><span style=\"font-family: Arial, serif\">Wycieczka do <\/span><span style=\"font-family: Arial, serif\">Wioski india\u0144skiej<\/span> <span style=\"font-family: Arial, serif\">Tipi Town<br \/>\nw Kamie\u0144cu Wroc\u0142awskim <\/span><\/span><\/p>\n<p align=\"center\"><span style=\"font-family: Arial, serif;color: #000000\">(grupa Arty\u015bci, Mali Badacze, Dzwoneczki, S\u00f3wki)<\/span><\/p>\n<\/td>\n<td style=\"background: #ffffff\" bgcolor=\"#ffffff\" width=\"306\">\n<p align=\"center\"><span style=\"font-family: Arial, serif;color: #000000\"><i>Finansowane<br \/>\nz funduszu Rady Rodzic\u00f3w oraz Urz\u0119du Miejskiego <\/i><\/span><\/p>\n<\/td>\n<\/tr>\n<tr style=\"border-color: #000000\" valign=\"top\">\n<td style=\"background: #ffffff\" bgcolor=\"#ffffff\" width=\"165\" height=\"66\">\n<p align=\"center\"><span style=\"font-family: Arial, serif;color: #000000\"><i>21.06.2022 r.<\/i><\/span><\/p>\n<p align=\"center\"><span style=\"font-family: Arial, serif;color: #000000\"><i>(wtorek)<\/i><\/span><\/p>\n<\/td>\n<td style=\"background: #ffffff\" bgcolor=\"#ffffff\" width=\"515\">\n<p align=\"center\"><span style=\"color: #000000\"><span style=\"font-family: Arial, serif\">Wycieczka do <\/span><span style=\"font-family: Arial, serif\">Wioski india\u0144skiej<\/span> <span style=\"font-family: Arial, serif\">Tipi Town<br \/>\nw Kamie\u0144cu Wroc\u0142awskim <\/span><\/span><\/p>\n<p align=\"center\"><span style=\"font-family: Arial, serif;color: #000000\">(grupa Kredki, Podr\u00f3\u017cnicy, Sportowcy, Tropiciele, Ta\u0144cz\u0105ce Iskierki)<\/span><\/p>\n<\/td>\n<td style=\"background: #ffffff\" bgcolor=\"#ffffff\" width=\"306\">\n<p align=\"center\"><span style=\"font-family: Arial, serif;color: #000000\"><i>Finansowane<br \/>\nz funduszu Rady Rodzic\u00f3w oraz Urz\u0119du Miejskiego<\/i><\/span><\/p>\n<\/td>\n<\/tr>\n<tr style=\"border-color: #000000\" valign=\"top\">\n<td style=\"background: #ffffff\" bgcolor=\"#ffffff\" width=\"165\" height=\"65\">\n<p align=\"center\"><span style=\"font-family: Arial, serif;color: #000000\"><i>22.06.2022 r.<\/i><\/span><\/p>\n<p align=\"center\"><span style=\"font-family: Arial, serif;color: #000000\"><i>(\u015broda) <\/i><\/span><\/p>\n<\/td>\n<td style=\"background: #ffffff\" bgcolor=\"#ffffff\" width=\"515\">\n<p align=\"center\"><span style=\"font-family: Arial, serif;color: #000000\">Koncert muzyczny \u201eInstrumenty z bambusa\u201d<\/span><\/p>\n<\/td>\n<td style=\"background: #ffffff\" bgcolor=\"#ffffff\" width=\"306\">\n<p align=\"center\"><span style=\"font-family: Arial, serif;color: #000000\"><i>Finansowane<br \/>\nz funduszu Rady Rodzic\u00f3w<\/i><\/span><\/p>\n<\/td>\n<\/tr>\n<\/tbody>\n<\/table>\n<p>[\/vc_column_text][\/vc_column][\/vc_row]<\/p>\n<\/div>","protected":false},"excerpt":{"rendered":"<p>[vc_row][vc_column][vc_column_text] WYDARZENIA W NASZYM PRZEDSZKOLU czerwiec 2022 Termin Rodzaj Op\u0142aty DZIA\u0141ANIA EDUKACYJNE W PRZEDSZKOLU 06-10.06.2022 (Poniedzia\u0142ek- pi\u0105tek) Projekt edukacyjny K\u0142amstwo ma kr\u00f3tkie nogi \u2013 rzecz o zaufaniu i bezpiecze\u0144stwie. W [&hellip;]<\/p>\n","protected":false},"author":77,"featured_media":5003,"comment_status":"closed","ping_status":"closed","sticky":false,"template":"","format":"standard","meta":{"footnotes":""},"categories":[3],"tags":[],"class_list":["post-5011","post","type-post","status-publish","format-standard","has-post-thumbnail","hentry","category-aktualnosci","clearfix"],"_links":{"self":[{"href":"https:\/\/przedszkole23.edu.wroclaw.pl\/index.php\/wp-json\/wp\/v2\/posts\/5011","targetHints":{"allow":["GET"]}}],"collection":[{"href":"https:\/\/przedszkole23.edu.wroclaw.pl\/index.php\/wp-json\/wp\/v2\/posts"}],"about":[{"href":"https:\/\/przedszkole23.edu.wroclaw.pl\/index.php\/wp-json\/wp\/v2\/types\/post"}],"author":[{"embeddable":true,"href":"https:\/\/przedszkole23.edu.wroclaw.pl\/index.php\/wp-json\/wp\/v2\/users\/77"}],"replies":[{"embeddable":true,"href":"https:\/\/przedszkole23.edu.wroclaw.pl\/index.php\/wp-json\/wp\/v2\/comments?post=5011"}],"version-history":[{"count":3,"href":"https:\/\/przedszkole23.edu.wroclaw.pl\/index.php\/wp-json\/wp\/v2\/posts\/5011\/revisions"}],"predecessor-version":[{"id":5024,"href":"https:\/\/przedszkole23.edu.wroclaw.pl\/index.php\/wp-json\/wp\/v2\/posts\/5011\/revisions\/5024"}],"wp:featuredmedia":[{"embeddable":true,"href":"https:\/\/przedszkole23.edu.wroclaw.pl\/index.php\/wp-json\/wp\/v2\/media\/5003"}],"wp:attachment":[{"href":"https:\/\/przedszkole23.edu.wroclaw.pl\/index.php\/wp-json\/wp\/v2\/media?parent=5011"}],"wp:term":[{"taxonomy":"category","embeddable":true,"href":"https:\/\/przedszkole23.edu.wroclaw.pl\/index.php\/wp-json\/wp\/v2\/categories?post=5011"},{"taxonomy":"post_tag","embeddable":true,"href":"https:\/\/przedszkole23.edu.wroclaw.pl\/index.php\/wp-json\/wp\/v2\/tags?post=5011"}],"curies":[{"name":"wp","href":"https:\/\/api.w.org\/{rel}","templated":true}]}}