
{"id":5013,"date":"2022-05-06T14:36:31","date_gmt":"2022-05-06T12:36:31","guid":{"rendered":"https:\/\/przedszkole23.edu.wroclaw.pl\/?p=5013"},"modified":"2022-06-06T20:10:46","modified_gmt":"2022-06-06T18:10:46","slug":"harmonogram-uroczyste-zakonczenie-przedszkola","status":"publish","type":"post","link":"https:\/\/przedszkole23.edu.wroclaw.pl\/index.php\/2022\/05\/06\/harmonogram-uroczyste-zakonczenie-przedszkola\/","title":{"rendered":"HARMONOGRAM UROCZYSTE ZAKO\u0143CZENIE PRZEDSZKOLA"},"content":{"rendered":"<div class=\"wpb-content-wrapper\"><p>[vc_row][vc_column][vc_column_text]<\/p>\n<p class=\"western\" align=\"center\"><span style=\"color: #cc00cc\"><span style=\"font-family: Bodoni MT, serif\"><span style=\"font-size: x-large\"><b>H<\/b><\/span><\/span><\/span><span style=\"color: #cc00cc\"><span style=\"font-family: Times New Roman, serif\"><span style=\"font-size: x-large\"><b>ARMONOGRAM <\/b><\/span><\/span><\/span><\/p>\n<p class=\"western\" align=\"center\"><span style=\"color: #cc00cc\"><span style=\"font-family: Times New Roman, serif\"><span style=\"font-size: x-large\"><b>UROCZYSTE ZAKO\u0143CZENIE PRZEDSZKOLA<\/b><\/span><\/span><\/span><\/p>\n<dl>\n<dd>\n<table style=\"border-color: #000000\" border=\"1\" cellspacing=\"0\" cellpadding=\"7\">\n<tbody>\n<tr valign=\"top\">\n<td style=\"background: transparent;border-color: #000000\" width=\"382\" height=\"25\">\n<p align=\"center\"><span style=\"color: #cc00cc\"><span style=\"font-size: large\"><i><b>DATA I GODZINA SPOTKANIA<\/b><\/i><\/span><\/span><\/p>\n<\/td>\n<td style=\"background: transparent;border-color: #000000\" width=\"167\">\n<p align=\"center\"><span style=\"color: #cc00cc\"><span style=\"font-size: large\"><i><b>GRUPA<\/b><\/i><\/span><\/span><\/p>\n<\/td>\n<\/tr>\n<tr valign=\"top\">\n<td style=\"background: transparent;border-color: #000000\" width=\"382\" height=\"53\">\n<p align=\"justify\"><span style=\"color: #2e74b5\"><span style=\"font-size: large\"><i><b>13.06.2022 r<\/b><\/i><\/span><\/span><span style=\"color: #2e74b5\"><span style=\"font-size: large\"><i>.(poniedzia\u0142ek) , godzina 15:30 <\/i><\/span><\/span><\/p>\n<\/td>\n<td style=\"background: transparent;border-color: #000000\" width=\"167\"><span style=\"color: #2e74b5\"><span style=\"font-size: large\"><i>Zaczarowane kredki (sala 2)<\/i><\/span><\/span><\/td>\n<\/tr>\n<tr valign=\"top\">\n<td style=\"background: transparent;border-color: #000000\" width=\"382\" height=\"52\">\n<p align=\"justify\"><span style=\"color: #2e74b5\"><span style=\"font-size: large\"><i><b>14.06.2022 r.<\/b><\/i><\/span><\/span><span style=\"color: #2e74b5\"><span style=\"font-size: large\"><i> (wtorek) godzina 15:30<\/i><\/span><\/span><\/p>\n<\/td>\n<td style=\"background: transparent;border-color: #000000\" width=\"167\"><span style=\"color: #2e74b5\"><span style=\"font-size: large\"><i>Podr\u00f3\u017cnicy (sala 3) <\/i><\/span><\/span><\/td>\n<\/tr>\n<\/tbody>\n<\/table>\n<p><span style=\"color: #cc00cc\"><span style=\"font-size: large\"><i>Miejsce: Wyst\u0119py planowane s\u0105 w ogrodzie przedszkolnym.<\/i><\/span><\/span><\/dd>\n<\/dl>\n<p class=\"western\"><img loading=\"lazy\" decoding=\"async\" class=\"alignnone wp-image-5001\" src=\"https:\/\/przedszkole23.edu.wroclaw.pl\/wp-content\/uploads\/sites\/32\/2022\/05\/Tlo-maj-czerwiec-2022-300x214.png\" alt=\"\" width=\"622\" height=\"444\" srcset=\"https:\/\/przedszkole23.edu.wroclaw.pl\/wp-content\/uploads\/sites\/32\/2022\/05\/Tlo-maj-czerwiec-2022-300x214.png 300w, https:\/\/przedszkole23.edu.wroclaw.pl\/wp-content\/uploads\/sites\/32\/2022\/05\/Tlo-maj-czerwiec-2022.png 465w\" sizes=\"auto, (max-width: 622px) 100vw, 622px\" \/><\/p>\n<p>[\/vc_column_text][\/vc_column][\/vc_row]<\/p>\n<\/div>","protected":false},"excerpt":{"rendered":"<p>[vc_row][vc_column][vc_column_text] HARMONOGRAM UROCZYSTE ZAKO\u0143CZENIE PRZEDSZKOLA DATA I GODZINA SPOTKANIA GRUPA 13.06.2022 r.(poniedzia\u0142ek) , godzina 15:30 Zaczarowane kredki (sala 2) 14.06.2022 r. (wtorek) godzina 15:30 Podr\u00f3\u017cnicy (sala 3) Miejsce: Wyst\u0119py planowane [&hellip;]<\/p>\n","protected":false},"author":77,"featured_media":5016,"comment_status":"closed","ping_status":"closed","sticky":false,"template":"","format":"standard","meta":{"footnotes":""},"categories":[3],"tags":[],"class_list":["post-5013","post","type-post","status-publish","format-standard","has-post-thumbnail","hentry","category-aktualnosci","clearfix"],"_links":{"self":[{"href":"https:\/\/przedszkole23.edu.wroclaw.pl\/index.php\/wp-json\/wp\/v2\/posts\/5013","targetHints":{"allow":["GET"]}}],"collection":[{"href":"https:\/\/przedszkole23.edu.wroclaw.pl\/index.php\/wp-json\/wp\/v2\/posts"}],"about":[{"href":"https:\/\/przedszkole23.edu.wroclaw.pl\/index.php\/wp-json\/wp\/v2\/types\/post"}],"author":[{"embeddable":true,"href":"https:\/\/przedszkole23.edu.wroclaw.pl\/index.php\/wp-json\/wp\/v2\/users\/77"}],"replies":[{"embeddable":true,"href":"https:\/\/przedszkole23.edu.wroclaw.pl\/index.php\/wp-json\/wp\/v2\/comments?post=5013"}],"version-history":[{"count":3,"href":"https:\/\/przedszkole23.edu.wroclaw.pl\/index.php\/wp-json\/wp\/v2\/posts\/5013\/revisions"}],"predecessor-version":[{"id":5015,"href":"https:\/\/przedszkole23.edu.wroclaw.pl\/index.php\/wp-json\/wp\/v2\/posts\/5013\/revisions\/5015"}],"wp:featuredmedia":[{"embeddable":true,"href":"https:\/\/przedszkole23.edu.wroclaw.pl\/index.php\/wp-json\/wp\/v2\/media\/5016"}],"wp:attachment":[{"href":"https:\/\/przedszkole23.edu.wroclaw.pl\/index.php\/wp-json\/wp\/v2\/media?parent=5013"}],"wp:term":[{"taxonomy":"category","embeddable":true,"href":"https:\/\/przedszkole23.edu.wroclaw.pl\/index.php\/wp-json\/wp\/v2\/categories?post=5013"},{"taxonomy":"post_tag","embeddable":true,"href":"https:\/\/przedszkole23.edu.wroclaw.pl\/index.php\/wp-json\/wp\/v2\/tags?post=5013"}],"curies":[{"name":"wp","href":"https:\/\/api.w.org\/{rel}","templated":true}]}}