
{"id":5030,"date":"2022-09-02T16:20:01","date_gmt":"2022-09-02T14:20:01","guid":{"rendered":"https:\/\/przedszkole23.edu.wroclaw.pl\/?p=5030"},"modified":"2022-09-02T16:25:01","modified_gmt":"2022-09-02T14:25:01","slug":"5030","status":"publish","type":"post","link":"https:\/\/przedszkole23.edu.wroclaw.pl\/index.php\/2022\/09\/02\/5030\/","title":{"rendered":"HARMONOGRAM SPOTKA\u0143 Z RODZICAMI"},"content":{"rendered":"<div class=\"wpb-content-wrapper\"><p>[vc_row][vc_column][vc_column_text css=&#8221;.vc_custom_1662128336191{margin-right: 400px !important;}&#8221;]<\/p>\n<p align=\"center\"><span style=\"color: #ff0000\"><span style=\"font-size: large\"><b>HARMONOGRAM PIERWSZYCH SPOTKA\u0143 Z RODZICAMI<\/b><\/span><\/span><\/p>\n<p align=\"center\"><span style=\"color: #ff0000\"><span style=\"font-size: large\"><b>W PRZEDSZKOLU NR 23 WE WROC\u0141AWIU<\/b><\/span><\/span><\/p>\n<p>&nbsp;<\/p>\n<table style=\"border-color: #000000\" border=\"1\" cellspacing=\"0\" cellpadding=\"7\">\n<tbody>\n<tr valign=\"top\">\n<td style=\"border-color: #000000\" width=\"152\" height=\"19\"><span style=\"color: #1f4e79\"><span style=\"font-size: large\"><b>GRUPA <\/b><\/span><\/span><\/td>\n<td style=\"border-color: #000000\" width=\"224\"><span style=\"color: #1f4e79\"><span style=\"font-size: large\"><b>TERMIN ZEBRANIA<\/b><\/span><\/span><\/td>\n<td style=\"border-color: #000000\" width=\"155\"><span style=\"color: #1f4e79\"><span style=\"font-size: large\"><b>SALA<\/b><\/span><\/span><\/td>\n<\/tr>\n<tr valign=\"top\">\n<td style=\"border-color: #000000\" width=\"152\" height=\"62\"><span style=\"color: #00b0f0\"><span style=\"font-size: x-large\"><b>S\u00f3wki<\/b><\/span><\/span><\/td>\n<td style=\"border-color: #000000\" width=\"224\"><span style=\"font-size: x-large;color: #000000\">05.09.2022<\/span><\/p>\n<p><span style=\"font-size: x-large;color: #000000\">Godz. 15:00<\/span><\/td>\n<td style=\"border-color: #000000\" width=\"155\"><span style=\"font-size: x-large;color: #000000\">Sala 1<\/span><\/td>\n<\/tr>\n<tr valign=\"top\">\n<td style=\"border-color: #000000\" width=\"152\" height=\"61\"><span style=\"color: #00b0f0\"><span style=\"font-size: x-large\"><b>Podr\u00f3\u017cnicy<\/b><\/span><\/span><\/td>\n<td style=\"border-color: #000000\" width=\"224\"><span style=\"font-size: x-large;color: #000000\">05.09.2022<\/span><\/p>\n<p><span style=\"font-size: x-large;color: #000000\">Godz. 16:00<\/span><\/td>\n<td style=\"border-color: #000000\" width=\"155\"><span style=\"font-size: x-large;color: #000000\">Sala 9 <\/span><\/td>\n<\/tr>\n<tr valign=\"top\">\n<td style=\"border-color: #000000\" width=\"152\" height=\"62\"><span style=\"color: #00b0f0\"><span style=\"font-size: x-large\"><b>Zaczarowane Kredki<\/b><\/span><\/span><\/td>\n<td style=\"border-color: #000000\" width=\"224\"><span style=\"font-size: x-large;color: #000000\">06.09.2022<\/span><\/p>\n<p><span style=\"font-size: x-large;color: #000000\">Godz. 15:00<\/span><\/td>\n<td style=\"border-color: #000000\" width=\"155\"><span style=\"font-size: x-large;color: #000000\">Sala 1<\/span><\/td>\n<\/tr>\n<tr valign=\"top\">\n<td style=\"border-color: #000000\" width=\"152\" height=\"64\"><span style=\"color: #00b0f0\"><span style=\"font-size: x-large\"><b>Mali Badacze<\/b><\/span><\/span><\/td>\n<td style=\"border-color: #000000\" width=\"224\"><span style=\"font-size: x-large;color: #000000\">06.09.2022<\/span><\/p>\n<p><span style=\"font-size: x-large;color: #000000\">Godz. 16:00<\/span><\/td>\n<td style=\"border-color: #000000\" width=\"155\"><span style=\"font-size: x-large;color: #000000\">Sala 9<\/span><\/td>\n<\/tr>\n<tr valign=\"top\">\n<td style=\"border-color: #000000\" width=\"152\" height=\"62\"><span style=\"color: #00b0f0\"><span style=\"font-size: x-large\"><b>Tropiciele<\/b><\/span><\/span><\/td>\n<td style=\"border-color: #000000\" width=\"224\"><span style=\"font-size: x-large;color: #000000\">07.09.2022<\/span><\/p>\n<p><span style=\"font-size: x-large;color: #000000\">Godz. 15:00<\/span><\/td>\n<td style=\"border-color: #000000\" width=\"155\"><span style=\"font-size: x-large;color: #000000\">Sala 1<\/span><\/td>\n<\/tr>\n<tr valign=\"top\">\n<td style=\"border-color: #000000\" width=\"152\" height=\"67\"><span style=\"color: #00b0f0\"><span style=\"font-size: x-large\"><b>Sportowcy<\/b><\/span><\/span><\/td>\n<td style=\"border-color: #000000\" width=\"224\"><span style=\"font-size: x-large;color: #000000\">07.09.2022<\/span><\/p>\n<p><span style=\"font-size: x-large;color: #000000\">Godz. 16:00<\/span><\/td>\n<td style=\"border-color: #000000\" width=\"155\"><span style=\"font-size: x-large;color: #000000\">Sala 9<\/span><\/td>\n<\/tr>\n<tr valign=\"top\">\n<td style=\"border-color: #000000\" width=\"152\" height=\"65\"><span style=\"color: #00b0f0\"><span style=\"font-size: x-large\"><b>Ta\u0144cz\u0105ce Iskierki<\/b><\/span><\/span><\/td>\n<td style=\"border-color: #000000\" width=\"224\"><span style=\"font-size: x-large;color: #000000\">08.09.2022<\/span><\/p>\n<p><span style=\"font-size: x-large;color: #000000\">Godz. 15:00<\/span><\/td>\n<td style=\"border-color: #000000\" width=\"155\"><span style=\"font-size: x-large;color: #000000\">Sala 1<\/span><\/td>\n<\/tr>\n<tr valign=\"top\">\n<td style=\"border-color: #000000\" width=\"152\" height=\"73\"><span style=\"color: #00b0f0\"><span style=\"font-size: x-large\"><b>Arty\u015bci <\/b><\/span><\/span><\/td>\n<td style=\"border-color: #000000\" width=\"224\"><span style=\"font-size: x-large;color: #000000\">08.09.2022<\/span><\/p>\n<p><span style=\"font-size: x-large;color: #000000\">Godz. 16:00<\/span><\/td>\n<td style=\"border-color: #000000\" width=\"155\"><span style=\"font-size: x-large;color: #000000\">Sala 9<\/span><\/td>\n<\/tr>\n<tr valign=\"top\">\n<td style=\"border-color: #000000\" width=\"152\" height=\"59\"><span style=\"color: #00b0f0\"><span style=\"font-size: x-large\"><b>Dzwoneczki<\/b><\/span><\/span><\/td>\n<td style=\"border-color: #000000\" width=\"224\"><span style=\"font-size: x-large;color: #000000\">09.09.2022<\/span><\/p>\n<p><span style=\"font-size: x-large;color: #000000\">Godz. 15:30<\/span><\/td>\n<td style=\"border-color: #000000\" width=\"155\"><span style=\"font-size: x-large;color: #000000\">Sala 1<\/span><\/td>\n<\/tr>\n<\/tbody>\n<\/table>\n<p>[\/vc_column_text][\/vc_column][\/vc_row]<\/p>\n<\/div>","protected":false},"excerpt":{"rendered":"<p>[vc_row][vc_column][vc_column_text css=&#8221;.vc_custom_1662128336191{margin-right: 400px !important;}&#8221;] HARMONOGRAM PIERWSZYCH SPOTKA\u0143 Z RODZICAMI W PRZEDSZKOLU NR 23 WE WROC\u0141AWIU &nbsp; GRUPA TERMIN ZEBRANIA SALA S\u00f3wki 05.09.2022 Godz. 15:00 Sala 1 Podr\u00f3\u017cnicy 05.09.2022 Godz. 16:00 [&hellip;]<\/p>\n","protected":false},"author":77,"featured_media":5032,"comment_status":"closed","ping_status":"closed","sticky":false,"template":"","format":"standard","meta":{"footnotes":""},"categories":[3],"tags":[],"class_list":["post-5030","post","type-post","status-publish","format-standard","has-post-thumbnail","hentry","category-aktualnosci","clearfix"],"_links":{"self":[{"href":"https:\/\/przedszkole23.edu.wroclaw.pl\/index.php\/wp-json\/wp\/v2\/posts\/5030","targetHints":{"allow":["GET"]}}],"collection":[{"href":"https:\/\/przedszkole23.edu.wroclaw.pl\/index.php\/wp-json\/wp\/v2\/posts"}],"about":[{"href":"https:\/\/przedszkole23.edu.wroclaw.pl\/index.php\/wp-json\/wp\/v2\/types\/post"}],"author":[{"embeddable":true,"href":"https:\/\/przedszkole23.edu.wroclaw.pl\/index.php\/wp-json\/wp\/v2\/users\/77"}],"replies":[{"embeddable":true,"href":"https:\/\/przedszkole23.edu.wroclaw.pl\/index.php\/wp-json\/wp\/v2\/comments?post=5030"}],"version-history":[{"count":4,"href":"https:\/\/przedszkole23.edu.wroclaw.pl\/index.php\/wp-json\/wp\/v2\/posts\/5030\/revisions"}],"predecessor-version":[{"id":5035,"href":"https:\/\/przedszkole23.edu.wroclaw.pl\/index.php\/wp-json\/wp\/v2\/posts\/5030\/revisions\/5035"}],"wp:featuredmedia":[{"embeddable":true,"href":"https:\/\/przedszkole23.edu.wroclaw.pl\/index.php\/wp-json\/wp\/v2\/media\/5032"}],"wp:attachment":[{"href":"https:\/\/przedszkole23.edu.wroclaw.pl\/index.php\/wp-json\/wp\/v2\/media?parent=5030"}],"wp:term":[{"taxonomy":"category","embeddable":true,"href":"https:\/\/przedszkole23.edu.wroclaw.pl\/index.php\/wp-json\/wp\/v2\/categories?post=5030"},{"taxonomy":"post_tag","embeddable":true,"href":"https:\/\/przedszkole23.edu.wroclaw.pl\/index.php\/wp-json\/wp\/v2\/tags?post=5030"}],"curies":[{"name":"wp","href":"https:\/\/api.w.org\/{rel}","templated":true}]}}