
{"id":5526,"date":"2023-04-26T12:03:50","date_gmt":"2023-04-26T10:03:50","guid":{"rendered":"https:\/\/przedszkole23.edu.wroclaw.pl\/?p=5526"},"modified":"2023-04-26T12:03:58","modified_gmt":"2023-04-26T10:03:58","slug":"nasze-przedszkole-bierze-udzial-w-akcji-rowerowy-maj-2023","status":"publish","type":"post","link":"https:\/\/przedszkole23.edu.wroclaw.pl\/index.php\/2023\/04\/26\/nasze-przedszkole-bierze-udzial-w-akcji-rowerowy-maj-2023\/","title":{"rendered":"Nasze Przedszkole bierze udzia\u0142 w Akcji Rowerowy Maj 2023"},"content":{"rendered":"<div class=\"wpb-content-wrapper\"><p>[vc_row][vc_column][vc_column_text]Rowerowy Maj to najwi\u0119ksza kampania w Polsce promuj\u0105ca przemieszczanie si\u0119 na rowerze, hulajnodze, rolkach czy deskorolce w\u015br\u00f3d uczni\u00f3w szk\u00f3\u0142 podstawowych oraz przedszkolak\u00f3w. Zrodzi\u0142a si\u0119 w 2014 w Gda\u0144sku, a od 2016 roku do kampanii przy\u0142\u0105czy\u0142 si\u0119 Wroc\u0142aw.<\/p>\n<p>Poprzez kampani\u0119:<\/p>\n<ul>\n<li>wp\u0142ywamy na kszta\u0142towanie pozytywnych nawyk\u00f3w transportowych,<\/li>\n<li>promujemy zdrowy styl \u017cycia,<\/li>\n<li>wspieramy samodzielno\u015b\u0107 dzieci,<\/li>\n<li>poprawiamy bezpiecze\u0144stwo komunikacyjne przy szko\u0142ach i przedszkolach,<\/li>\n<li>dbamy o \u015brodowisko.<\/li>\n<\/ul>\n<p>Serdecznie zapraszamy naszych przedszkolak\u00f3w do aktywnego uczestnictwa w akcji.<\/p>\n<p>Wi\u0119cej informacji o akcji znajduje si\u0119 na stronach internetowych: <a href=\"https:\/\/rowerowymaj.eu\/\">https:\/\/rowerowymaj.eu\/<\/a> i <a href=\"https:\/\/www.wroclaw.pl\/komunikacja\/rowerowy-maj\">https:\/\/www.wroclaw.pl\/komunikacja\/rowerowy-maj<\/a><\/p>\n<p>[\/vc_column_text][\/vc_column][\/vc_row]<\/p>\n<\/div>","protected":false},"excerpt":{"rendered":"<p>[vc_row][vc_column][vc_column_text]Rowerowy Maj to najwi\u0119ksza kampania w Polsce promuj\u0105ca przemieszczanie si\u0119 na rowerze, hulajnodze, rolkach czy deskorolce w\u015br\u00f3d uczni\u00f3w szk\u00f3\u0142 podstawowych oraz przedszkolak\u00f3w. Zrodzi\u0142a si\u0119 w 2014 w Gda\u0144sku, a od [&hellip;]<\/p>\n","protected":false},"author":69,"featured_media":5525,"comment_status":"closed","ping_status":"closed","sticky":false,"template":"","format":"standard","meta":{"footnotes":""},"categories":[3],"tags":[],"class_list":["post-5526","post","type-post","status-publish","format-standard","has-post-thumbnail","hentry","category-aktualnosci","clearfix"],"_links":{"self":[{"href":"https:\/\/przedszkole23.edu.wroclaw.pl\/index.php\/wp-json\/wp\/v2\/posts\/5526","targetHints":{"allow":["GET"]}}],"collection":[{"href":"https:\/\/przedszkole23.edu.wroclaw.pl\/index.php\/wp-json\/wp\/v2\/posts"}],"about":[{"href":"https:\/\/przedszkole23.edu.wroclaw.pl\/index.php\/wp-json\/wp\/v2\/types\/post"}],"author":[{"embeddable":true,"href":"https:\/\/przedszkole23.edu.wroclaw.pl\/index.php\/wp-json\/wp\/v2\/users\/69"}],"replies":[{"embeddable":true,"href":"https:\/\/przedszkole23.edu.wroclaw.pl\/index.php\/wp-json\/wp\/v2\/comments?post=5526"}],"version-history":[{"count":1,"href":"https:\/\/przedszkole23.edu.wroclaw.pl\/index.php\/wp-json\/wp\/v2\/posts\/5526\/revisions"}],"predecessor-version":[{"id":5527,"href":"https:\/\/przedszkole23.edu.wroclaw.pl\/index.php\/wp-json\/wp\/v2\/posts\/5526\/revisions\/5527"}],"wp:featuredmedia":[{"embeddable":true,"href":"https:\/\/przedszkole23.edu.wroclaw.pl\/index.php\/wp-json\/wp\/v2\/media\/5525"}],"wp:attachment":[{"href":"https:\/\/przedszkole23.edu.wroclaw.pl\/index.php\/wp-json\/wp\/v2\/media?parent=5526"}],"wp:term":[{"taxonomy":"category","embeddable":true,"href":"https:\/\/przedszkole23.edu.wroclaw.pl\/index.php\/wp-json\/wp\/v2\/categories?post=5526"},{"taxonomy":"post_tag","embeddable":true,"href":"https:\/\/przedszkole23.edu.wroclaw.pl\/index.php\/wp-json\/wp\/v2\/tags?post=5526"}],"curies":[{"name":"wp","href":"https:\/\/api.w.org\/{rel}","templated":true}]}}