
{"id":5599,"date":"2023-05-30T13:43:54","date_gmt":"2023-05-30T11:43:54","guid":{"rendered":"https:\/\/przedszkole23.edu.wroclaw.pl\/?p=5599"},"modified":"2023-05-30T13:46:21","modified_gmt":"2023-05-30T11:46:21","slug":"profilaktyka-prochnicy-zebow","status":"publish","type":"post","link":"https:\/\/przedszkole23.edu.wroclaw.pl\/index.php\/2023\/05\/30\/profilaktyka-prochnicy-zebow\/","title":{"rendered":"Profilaktyka pr\u00f3chnicy z\u0119b\u00f3w."},"content":{"rendered":"<p><strong>ROGRAM PROFILAKTYKI PR\u00d3CHNICY U DZIECI\u00a0<\/strong><\/p>\n<p><strong>W naszym przedszkolu realizujemy program profilaktyki pr\u00f3chnicy u dzieci finansowany<br \/>\n<\/strong><b>przez Wydzia\u0142 Zdrowia Urz\u0119du Miejskiego Wroc\u0142awia. <\/b><\/p>\n<p>Program integruje i koordynuje dzia\u0142ania edukacyjne oraz profilaktyczno-lecznicze realizowane w przedszkolu, gabinecie dentystycznym, jak r\u00f3wnie\u017c w domu. Jednym z zada\u0144 programu jest budowanie partnerstwa wielu podmiot\u00f3w odpowiedzialnych za zdrowie dzieci. W dniu 25 maja 2023 r. nasze przedszkole ponownie odwiedzi\u0142a Pani stomatolog, kt\u00f3ra opowiedzia\u0142a dzieciom w jaki spos\u00f3b nale\u017cy dba\u0107 o z\u0119by.<\/p>\n<p><a href=\"https:\/\/przedszkole23.edu.wroclaw.pl\/wp-content\/uploads\/sites\/32\/2023\/05\/Ulotka-informacyjna-profilaktyka-prochnicy-zebow.pdf\">Ulotka informacyjna &#8211; profilaktyka pr\u00f3chnicy z\u0119b\u00f3w<\/a><\/p>\n<p><a href=\"https:\/\/przedszkole23.edu.wroclaw.pl\/wp-content\/uploads\/sites\/32\/2023\/05\/Ksiazzeczka-edukacyjna-dla-dzieci-profilaktyka-prochnicy-zebow.pdf\">Ksi\u0105\u017ceczka edukacyjna dla dzieci- profilaktyka pr\u00f3chnicy z\u0119b\u00f3w<\/a><\/p>\n","protected":false},"excerpt":{"rendered":"<p>ROGRAM PROFILAKTYKI PR\u00d3CHNICY U DZIECI\u00a0 W naszym przedszkolu realizujemy program profilaktyki pr\u00f3chnicy u dzieci finansowany przez Wydzia\u0142 Zdrowia Urz\u0119du Miejskiego Wroc\u0142awia. Program integruje i koordynuje dzia\u0142ania edukacyjne oraz profilaktyczno-lecznicze realizowane [&hellip;]<\/p>\n","protected":false},"author":69,"featured_media":5598,"comment_status":"closed","ping_status":"closed","sticky":false,"template":"","format":"standard","meta":{"footnotes":""},"categories":[3],"tags":[],"class_list":["post-5599","post","type-post","status-publish","format-standard","has-post-thumbnail","hentry","category-aktualnosci","clearfix"],"_links":{"self":[{"href":"https:\/\/przedszkole23.edu.wroclaw.pl\/index.php\/wp-json\/wp\/v2\/posts\/5599","targetHints":{"allow":["GET"]}}],"collection":[{"href":"https:\/\/przedszkole23.edu.wroclaw.pl\/index.php\/wp-json\/wp\/v2\/posts"}],"about":[{"href":"https:\/\/przedszkole23.edu.wroclaw.pl\/index.php\/wp-json\/wp\/v2\/types\/post"}],"author":[{"embeddable":true,"href":"https:\/\/przedszkole23.edu.wroclaw.pl\/index.php\/wp-json\/wp\/v2\/users\/69"}],"replies":[{"embeddable":true,"href":"https:\/\/przedszkole23.edu.wroclaw.pl\/index.php\/wp-json\/wp\/v2\/comments?post=5599"}],"version-history":[{"count":1,"href":"https:\/\/przedszkole23.edu.wroclaw.pl\/index.php\/wp-json\/wp\/v2\/posts\/5599\/revisions"}],"predecessor-version":[{"id":5600,"href":"https:\/\/przedszkole23.edu.wroclaw.pl\/index.php\/wp-json\/wp\/v2\/posts\/5599\/revisions\/5600"}],"wp:featuredmedia":[{"embeddable":true,"href":"https:\/\/przedszkole23.edu.wroclaw.pl\/index.php\/wp-json\/wp\/v2\/media\/5598"}],"wp:attachment":[{"href":"https:\/\/przedszkole23.edu.wroclaw.pl\/index.php\/wp-json\/wp\/v2\/media?parent=5599"}],"wp:term":[{"taxonomy":"category","embeddable":true,"href":"https:\/\/przedszkole23.edu.wroclaw.pl\/index.php\/wp-json\/wp\/v2\/categories?post=5599"},{"taxonomy":"post_tag","embeddable":true,"href":"https:\/\/przedszkole23.edu.wroclaw.pl\/index.php\/wp-json\/wp\/v2\/tags?post=5599"}],"curies":[{"name":"wp","href":"https:\/\/api.w.org\/{rel}","templated":true}]}}