
{"id":5613,"date":"2023-05-30T14:21:08","date_gmt":"2023-05-30T12:21:08","guid":{"rendered":"https:\/\/przedszkole23.edu.wroclaw.pl\/?p=5613"},"modified":"2023-05-31T14:16:12","modified_gmt":"2023-05-31T12:16:12","slug":"festyn-rodzinny-25-maja-2023-r","status":"publish","type":"post","link":"https:\/\/przedszkole23.edu.wroclaw.pl\/index.php\/2023\/05\/30\/festyn-rodzinny-25-maja-2023-r\/","title":{"rendered":"Festyn Rodzinny -25 maja 2023 r."},"content":{"rendered":"<div class=\"wpb-content-wrapper\"><p>[vc_row][vc_column][vc_column_text]W dniu 25 maja odby\u0142 si\u0119 wyczekiwany przez wszystkie dzieci i Rodzic\u00f3w Festyn Rodzinny. Podczas festynu dzieci zaprezentowa\u0142y pi\u0119kne wyst\u0119py artystyczne, potem nadszed\u0142 czas na wsp\u00f3ln\u0105 rodzinn\u0105 zabaw\u0119- udzia\u0142\u00a0 w grze terenowej, pe\u0142nej ciekawych wsp\u00f3lnych wyzwa\u0144 sportowych. Dzi\u0119kujemy wszystkim Rodzicom\u00a0 za przybycie, wsparcie przy organizacji i udan\u0105 zabaw\u0119!<\/p>\n<p><a href=\"https:\/\/przedszkole23.edu.wroclaw.pl\/wp-content\/uploads\/sites\/32\/2023\/05\/Podziekowanie-Festyn-Rodzinny-1.pdf\">Podzi\u0119kowanie &#8211; Festyn Rodzinny<\/a>[\/vc_column_text][\/vc_column][\/vc_row]<\/p>\n<\/div>","protected":false},"excerpt":{"rendered":"<p>[vc_row][vc_column][vc_column_text]W dniu 25 maja odby\u0142 si\u0119 wyczekiwany przez wszystkie dzieci i Rodzic\u00f3w Festyn Rodzinny. Podczas festynu dzieci zaprezentowa\u0142y pi\u0119kne wyst\u0119py artystyczne, potem nadszed\u0142 czas na wsp\u00f3ln\u0105 rodzinn\u0105 zabaw\u0119- udzia\u0142\u00a0 w [&hellip;]<\/p>\n","protected":false},"author":69,"featured_media":5602,"comment_status":"closed","ping_status":"closed","sticky":false,"template":"","format":"standard","meta":{"footnotes":""},"categories":[3],"tags":[],"class_list":["post-5613","post","type-post","status-publish","format-standard","has-post-thumbnail","hentry","category-aktualnosci","clearfix"],"_links":{"self":[{"href":"https:\/\/przedszkole23.edu.wroclaw.pl\/index.php\/wp-json\/wp\/v2\/posts\/5613","targetHints":{"allow":["GET"]}}],"collection":[{"href":"https:\/\/przedszkole23.edu.wroclaw.pl\/index.php\/wp-json\/wp\/v2\/posts"}],"about":[{"href":"https:\/\/przedszkole23.edu.wroclaw.pl\/index.php\/wp-json\/wp\/v2\/types\/post"}],"author":[{"embeddable":true,"href":"https:\/\/przedszkole23.edu.wroclaw.pl\/index.php\/wp-json\/wp\/v2\/users\/69"}],"replies":[{"embeddable":true,"href":"https:\/\/przedszkole23.edu.wroclaw.pl\/index.php\/wp-json\/wp\/v2\/comments?post=5613"}],"version-history":[{"count":2,"href":"https:\/\/przedszkole23.edu.wroclaw.pl\/index.php\/wp-json\/wp\/v2\/posts\/5613\/revisions"}],"predecessor-version":[{"id":5619,"href":"https:\/\/przedszkole23.edu.wroclaw.pl\/index.php\/wp-json\/wp\/v2\/posts\/5613\/revisions\/5619"}],"wp:featuredmedia":[{"embeddable":true,"href":"https:\/\/przedszkole23.edu.wroclaw.pl\/index.php\/wp-json\/wp\/v2\/media\/5602"}],"wp:attachment":[{"href":"https:\/\/przedszkole23.edu.wroclaw.pl\/index.php\/wp-json\/wp\/v2\/media?parent=5613"}],"wp:term":[{"taxonomy":"category","embeddable":true,"href":"https:\/\/przedszkole23.edu.wroclaw.pl\/index.php\/wp-json\/wp\/v2\/categories?post=5613"},{"taxonomy":"post_tag","embeddable":true,"href":"https:\/\/przedszkole23.edu.wroclaw.pl\/index.php\/wp-json\/wp\/v2\/tags?post=5613"}],"curies":[{"name":"wp","href":"https:\/\/api.w.org\/{rel}","templated":true}]}}