
{"id":5682,"date":"2023-10-04T11:51:46","date_gmt":"2023-10-04T09:51:46","guid":{"rendered":"https:\/\/przedszkole23.edu.wroclaw.pl\/?p=5682"},"modified":"2023-10-04T11:51:56","modified_gmt":"2023-10-04T09:51:56","slug":"swiatowy-dzien-drzewa-zaproszenie","status":"publish","type":"post","link":"https:\/\/przedszkole23.edu.wroclaw.pl\/index.php\/2023\/10\/04\/swiatowy-dzien-drzewa-zaproszenie\/","title":{"rendered":"\u015awiatowy Dzie\u0144 Drzewa &#8211; zaproszenie"},"content":{"rendered":"<div class=\"wpb-content-wrapper\"><p>[vc_row][vc_column][vc_column_text]<span style=\"font-size: 14pt\">Z okazji <strong>Dnia Drzewa<\/strong> serdecznie zapraszamy wszystkich Rodzic\u00f3w\u00a0 do wsp\u00f3lnego sadzenia ro\u015blin w ogrodzie przedszkolnym, wed\u0142ug za\u0142\u0105czonego harmonogramu:<\/span><\/p>\n<p><a href=\"https:\/\/przedszkole23.edu.wroclaw.pl\/wp-content\/uploads\/sites\/32\/2023\/10\/Harmonogram-Swieto-Drzewa.pdf\"><span style=\"font-size: 14pt\">Harmonogram-<\/span> \u015awi\u0119to Drzewa<\/a>[\/vc_column_text][\/vc_column][\/vc_row]<\/p>\n<\/div>","protected":false},"excerpt":{"rendered":"<p>[vc_row][vc_column][vc_column_text]Z okazji Dnia Drzewa serdecznie zapraszamy wszystkich Rodzic\u00f3w\u00a0 do wsp\u00f3lnego sadzenia ro\u015blin w ogrodzie przedszkolnym, wed\u0142ug za\u0142\u0105czonego harmonogramu: Harmonogram- \u015awi\u0119to Drzewa[\/vc_column_text][\/vc_column][\/vc_row]<\/p>\n","protected":false},"author":69,"featured_media":5681,"comment_status":"closed","ping_status":"closed","sticky":false,"template":"","format":"standard","meta":{"footnotes":""},"categories":[3],"tags":[],"class_list":["post-5682","post","type-post","status-publish","format-standard","has-post-thumbnail","hentry","category-aktualnosci","clearfix"],"_links":{"self":[{"href":"https:\/\/przedszkole23.edu.wroclaw.pl\/index.php\/wp-json\/wp\/v2\/posts\/5682","targetHints":{"allow":["GET"]}}],"collection":[{"href":"https:\/\/przedszkole23.edu.wroclaw.pl\/index.php\/wp-json\/wp\/v2\/posts"}],"about":[{"href":"https:\/\/przedszkole23.edu.wroclaw.pl\/index.php\/wp-json\/wp\/v2\/types\/post"}],"author":[{"embeddable":true,"href":"https:\/\/przedszkole23.edu.wroclaw.pl\/index.php\/wp-json\/wp\/v2\/users\/69"}],"replies":[{"embeddable":true,"href":"https:\/\/przedszkole23.edu.wroclaw.pl\/index.php\/wp-json\/wp\/v2\/comments?post=5682"}],"version-history":[{"count":1,"href":"https:\/\/przedszkole23.edu.wroclaw.pl\/index.php\/wp-json\/wp\/v2\/posts\/5682\/revisions"}],"predecessor-version":[{"id":5683,"href":"https:\/\/przedszkole23.edu.wroclaw.pl\/index.php\/wp-json\/wp\/v2\/posts\/5682\/revisions\/5683"}],"wp:featuredmedia":[{"embeddable":true,"href":"https:\/\/przedszkole23.edu.wroclaw.pl\/index.php\/wp-json\/wp\/v2\/media\/5681"}],"wp:attachment":[{"href":"https:\/\/przedszkole23.edu.wroclaw.pl\/index.php\/wp-json\/wp\/v2\/media?parent=5682"}],"wp:term":[{"taxonomy":"category","embeddable":true,"href":"https:\/\/przedszkole23.edu.wroclaw.pl\/index.php\/wp-json\/wp\/v2\/categories?post=5682"},{"taxonomy":"post_tag","embeddable":true,"href":"https:\/\/przedszkole23.edu.wroclaw.pl\/index.php\/wp-json\/wp\/v2\/tags?post=5682"}],"curies":[{"name":"wp","href":"https:\/\/api.w.org\/{rel}","templated":true}]}}