
{"id":5788,"date":"2023-11-09T11:57:33","date_gmt":"2023-11-09T10:57:33","guid":{"rendered":"https:\/\/przedszkole23.edu.wroclaw.pl\/?p=5788"},"modified":"2023-11-09T12:14:22","modified_gmt":"2023-11-09T11:14:22","slug":"projekt-edukacyjny-pedzlem-malowane","status":"publish","type":"post","link":"https:\/\/przedszkole23.edu.wroclaw.pl\/index.php\/2023\/11\/09\/projekt-edukacyjny-pedzlem-malowane\/","title":{"rendered":"Projekt edukacyjny &#8222;P\u0119dzlem malowane&#8221;"},"content":{"rendered":"<p><span style=\"font-size: 18pt\">W dniach 23-27.10.2023 w Przedszkolu realizowali\u015bmy Projekt edukacyjny: ,,P\u0119dzlem malowane\u00a0 -Jesienne inspiracje plastyczne&#8221;. Podczas realizacji projektu dzieci poznawa\u0142y nowe techniki plastyczne i doskonali\u0142y ju\u017c znane. Dzieci eksperymentowa\u0142y z kolorami. Aktywno\u015b\u0107 plastyczna da\u0142a wszystkim du\u017co rado\u015bci i satysfakcji. Przedszkolaki zapozna\u0142y si\u0119 z zawodem artysty malarza i rze\u017abiarza.\u00a0 Uwie\u0144czeniem projektu by\u0142a wystawa grupowych prac plastycznych ,,Szal Pani Jesieni&#8221;&#8221; kt\u00f3r\u0105 mo\u017cna by\u0142o podziwia\u0107 w szatni przedszkolnej. Wi\u0119cej zdj\u0119\u0107 w galerii<\/span><\/p>\n<p><span style=\"font-size: 18pt\"> https:\/\/przedszkole23.edu.wroclaw.pl\/index.php\/o-przedszkolu\/galeria\/<\/span><\/p>\n<p>&nbsp;<\/p>\n<p>&nbsp;<\/p>\n","protected":false},"excerpt":{"rendered":"<p>W dniach 23-27.10.2023 w Przedszkolu realizowali\u015bmy Projekt edukacyjny: ,,P\u0119dzlem malowane\u00a0 -Jesienne inspiracje plastyczne&#8221;. Podczas realizacji projektu dzieci poznawa\u0142y nowe techniki plastyczne i doskonali\u0142y ju\u017c znane. Dzieci eksperymentowa\u0142y z kolorami. Aktywno\u015b\u0107 [&hellip;]<\/p>\n","protected":false},"author":69,"featured_media":5783,"comment_status":"closed","ping_status":"closed","sticky":false,"template":"","format":"standard","meta":{"footnotes":""},"categories":[3],"tags":[],"class_list":["post-5788","post","type-post","status-publish","format-standard","has-post-thumbnail","hentry","category-aktualnosci","clearfix"],"_links":{"self":[{"href":"https:\/\/przedszkole23.edu.wroclaw.pl\/index.php\/wp-json\/wp\/v2\/posts\/5788","targetHints":{"allow":["GET"]}}],"collection":[{"href":"https:\/\/przedszkole23.edu.wroclaw.pl\/index.php\/wp-json\/wp\/v2\/posts"}],"about":[{"href":"https:\/\/przedszkole23.edu.wroclaw.pl\/index.php\/wp-json\/wp\/v2\/types\/post"}],"author":[{"embeddable":true,"href":"https:\/\/przedszkole23.edu.wroclaw.pl\/index.php\/wp-json\/wp\/v2\/users\/69"}],"replies":[{"embeddable":true,"href":"https:\/\/przedszkole23.edu.wroclaw.pl\/index.php\/wp-json\/wp\/v2\/comments?post=5788"}],"version-history":[{"count":4,"href":"https:\/\/przedszkole23.edu.wroclaw.pl\/index.php\/wp-json\/wp\/v2\/posts\/5788\/revisions"}],"predecessor-version":[{"id":5795,"href":"https:\/\/przedszkole23.edu.wroclaw.pl\/index.php\/wp-json\/wp\/v2\/posts\/5788\/revisions\/5795"}],"wp:featuredmedia":[{"embeddable":true,"href":"https:\/\/przedszkole23.edu.wroclaw.pl\/index.php\/wp-json\/wp\/v2\/media\/5783"}],"wp:attachment":[{"href":"https:\/\/przedszkole23.edu.wroclaw.pl\/index.php\/wp-json\/wp\/v2\/media?parent=5788"}],"wp:term":[{"taxonomy":"category","embeddable":true,"href":"https:\/\/przedszkole23.edu.wroclaw.pl\/index.php\/wp-json\/wp\/v2\/categories?post=5788"},{"taxonomy":"post_tag","embeddable":true,"href":"https:\/\/przedszkole23.edu.wroclaw.pl\/index.php\/wp-json\/wp\/v2\/tags?post=5788"}],"curies":[{"name":"wp","href":"https:\/\/api.w.org\/{rel}","templated":true}]}}