
{"id":5839,"date":"2023-11-16T11:14:13","date_gmt":"2023-11-16T10:14:13","guid":{"rendered":"https:\/\/przedszkole23.edu.wroclaw.pl\/?p=5839"},"modified":"2023-11-16T11:14:21","modified_gmt":"2023-11-16T10:14:21","slug":"ekokropelki-ratuja-swiat-wielki-ogolnopolski-program-edukacyjny","status":"publish","type":"post","link":"https:\/\/przedszkole23.edu.wroclaw.pl\/index.php\/2023\/11\/16\/ekokropelki-ratuja-swiat-wielki-ogolnopolski-program-edukacyjny\/","title":{"rendered":"Ekokropelki ratuj\u0105 \u015bwiat wielki- og\u00f3lnopolski program edukacyjny"},"content":{"rendered":"<div class=\"_n_p3\">\n<div class=\"conductorContent\" role=\"presentation\">\n<div id=\"primaryContainer\" class=\"_n_e\">\n<div>\n<div class=\"conductorContent\" role=\"presentation\">\n<div class=\"_n_T\">\n<div class=\"_n_X\" role=\"main\" aria-label=\"Poczta\">\n<div class=\"_n_X\">\n<div>\n<div class=\"_n_X\">\n<div class=\"_n_Y\">\n<div class=\"allowTextSelection\" role=\"document\">\n<div class=\"conductorContent\" role=\"presentation\">\n<div class=\"_rp_l5 ShowReferenceAttachmentsLinks ShowConsesusSchedulingLink\" role=\"region\" aria-label=\"Okienko odczytu\">\n<div class=\"_rp_l5 disableTextSelection\">\n<div class=\"_rp_o5 disableTextSelection customScrollBar scrollContainer\">\n<div class=\"_rp_x5\">\n<div>\n<div class=\"_rp_u5\">\n<div>\n<div class=\"_rp_v5 rpHighlightAllClass rpHighlightBodyClass allowTextSelection\">\n<div>\n<div id=\"Item.MessageNormalizedBody\" class=\"_rp_w5 ms-font-weight-regular ms-font-color-neutralDark\" style=\"font-family: 'wf_segoe-ui_normal','Segoe UI','Segoe WP',Tahoma,Arial,sans-serif,serif,'EmojiFont'\">\n<div class=\"rps_4610\">\n<div>\n<div>\n<div dir=\"ltr\">\n<div dir=\"ltr\">Grupa Dzwoneczki\u00a0 wzi\u0119\u0142a udzia\u0142 w og\u00f3lnopolskim projekcie ,, Ekokropelki ratuj\u0105 \u015bwiat wielki&#8221;, kt\u00f3ry trwa\u0142 od czerwca do listopada 2023. W ramach realizacji dzia\u0142a\u0144 odby\u0142 si\u0119 cykl zaj\u0119\u0107 dotycz\u0105cych wody, kt\u00f3ry wzbogaci\u0142 wiedz\u0119 przedszkolak\u00f3w w zakresie przyrodniczym i ekologicznym. Przedszkolaki wykona\u0142y r\u00f3wnie\u017c dwie grupowe prace: makiet\u0119 oraz plakat. Podsumowaniem dzia\u0142a\u0144 by\u0142 quiz wiedzy o wodzie oraz bal Ekokropelek, kt\u00f3ry sprawi\u0142 dzieciom wiele rado\u015bci. Grupa otrzyma\u0142a od organizator\u00f3w dyplom oraz nagrody w podzi\u0119kowaniu za udzia\u0142 i zaanga\u017cowanie.<\/div>\n<div dir=\"ltr\"><a href=\"https:\/\/przedszkole23.edu.wroclaw.pl\/wp-content\/uploads\/sites\/32\/2023\/11\/IMG_4860-scaled.jpeg\"><img loading=\"lazy\" decoding=\"async\" class=\"alignnone size-medium wp-image-5831\" src=\"https:\/\/przedszkole23.edu.wroclaw.pl\/wp-content\/uploads\/sites\/32\/2023\/11\/IMG_4860-300x225.jpeg\" alt=\"\" width=\"300\" height=\"225\" srcset=\"https:\/\/przedszkole23.edu.wroclaw.pl\/wp-content\/uploads\/sites\/32\/2023\/11\/IMG_4860-300x225.jpeg 300w, https:\/\/przedszkole23.edu.wroclaw.pl\/wp-content\/uploads\/sites\/32\/2023\/11\/IMG_4860-1024x768.jpeg 1024w, https:\/\/przedszkole23.edu.wroclaw.pl\/wp-content\/uploads\/sites\/32\/2023\/11\/IMG_4860-768x576.jpeg 768w, https:\/\/przedszkole23.edu.wroclaw.pl\/wp-content\/uploads\/sites\/32\/2023\/11\/IMG_4860-600x450.jpeg 600w, https:\/\/przedszkole23.edu.wroclaw.pl\/wp-content\/uploads\/sites\/32\/2023\/11\/IMG_4860-1536x1152.jpeg 1536w, https:\/\/przedszkole23.edu.wroclaw.pl\/wp-content\/uploads\/sites\/32\/2023\/11\/IMG_4860-2048x1536.jpeg 2048w\" sizes=\"auto, (max-width: 300px) 100vw, 300px\" \/><\/a> \u00a0 <a href=\"https:\/\/przedszkole23.edu.wroclaw.pl\/wp-content\/uploads\/sites\/32\/2023\/11\/IMG_7530-scaled.jpeg\"><img loading=\"lazy\" decoding=\"async\" class=\"alignnone size-medium wp-image-5837\" src=\"https:\/\/przedszkole23.edu.wroclaw.pl\/wp-content\/uploads\/sites\/32\/2023\/11\/IMG_7530-225x300.jpeg\" alt=\"\" width=\"225\" height=\"300\" srcset=\"https:\/\/przedszkole23.edu.wroclaw.pl\/wp-content\/uploads\/sites\/32\/2023\/11\/IMG_7530-225x300.jpeg 225w, https:\/\/przedszkole23.edu.wroclaw.pl\/wp-content\/uploads\/sites\/32\/2023\/11\/IMG_7530-768x1024.jpeg 768w, https:\/\/przedszkole23.edu.wroclaw.pl\/wp-content\/uploads\/sites\/32\/2023\/11\/IMG_7530-600x800.jpeg 600w, https:\/\/przedszkole23.edu.wroclaw.pl\/wp-content\/uploads\/sites\/32\/2023\/11\/IMG_7530-1152x1536.jpeg 1152w, https:\/\/przedszkole23.edu.wroclaw.pl\/wp-content\/uploads\/sites\/32\/2023\/11\/IMG_7530-1536x2048.jpeg 1536w, https:\/\/przedszkole23.edu.wroclaw.pl\/wp-content\/uploads\/sites\/32\/2023\/11\/IMG_7530-scaled.jpeg 1920w\" sizes=\"auto, (max-width: 225px) 100vw, 225px\" \/><\/a><a href=\"https:\/\/przedszkole23.edu.wroclaw.pl\/wp-content\/uploads\/sites\/32\/2023\/11\/IMG_7471-scaled.jpeg\"><img loading=\"lazy\" decoding=\"async\" class=\"alignnone size-medium wp-image-5835\" src=\"https:\/\/przedszkole23.edu.wroclaw.pl\/wp-content\/uploads\/sites\/32\/2023\/11\/IMG_7471-225x300.jpeg\" alt=\"\" width=\"225\" height=\"300\" srcset=\"https:\/\/przedszkole23.edu.wroclaw.pl\/wp-content\/uploads\/sites\/32\/2023\/11\/IMG_7471-225x300.jpeg 225w, https:\/\/przedszkole23.edu.wroclaw.pl\/wp-content\/uploads\/sites\/32\/2023\/11\/IMG_7471-768x1024.jpeg 768w, https:\/\/przedszkole23.edu.wroclaw.pl\/wp-content\/uploads\/sites\/32\/2023\/11\/IMG_7471-600x800.jpeg 600w, https:\/\/przedszkole23.edu.wroclaw.pl\/wp-content\/uploads\/sites\/32\/2023\/11\/IMG_7471-1152x1536.jpeg 1152w, https:\/\/przedszkole23.edu.wroclaw.pl\/wp-content\/uploads\/sites\/32\/2023\/11\/IMG_7471-1536x2048.jpeg 1536w, https:\/\/przedszkole23.edu.wroclaw.pl\/wp-content\/uploads\/sites\/32\/2023\/11\/IMG_7471-scaled.jpeg 1920w\" sizes=\"auto, (max-width: 225px) 100vw, 225px\" \/><\/a><a href=\"https:\/\/przedszkole23.edu.wroclaw.pl\/wp-content\/uploads\/sites\/32\/2023\/11\/IMG_4911-scaled.jpeg\"><img loading=\"lazy\" decoding=\"async\" class=\"alignnone size-medium wp-image-5833\" src=\"https:\/\/przedszkole23.edu.wroclaw.pl\/wp-content\/uploads\/sites\/32\/2023\/11\/IMG_4911-225x300.jpeg\" alt=\"\" width=\"225\" height=\"300\" srcset=\"https:\/\/przedszkole23.edu.wroclaw.pl\/wp-content\/uploads\/sites\/32\/2023\/11\/IMG_4911-225x300.jpeg 225w, https:\/\/przedszkole23.edu.wroclaw.pl\/wp-content\/uploads\/sites\/32\/2023\/11\/IMG_4911-768x1024.jpeg 768w, https:\/\/przedszkole23.edu.wroclaw.pl\/wp-content\/uploads\/sites\/32\/2023\/11\/IMG_4911-600x800.jpeg 600w, https:\/\/przedszkole23.edu.wroclaw.pl\/wp-content\/uploads\/sites\/32\/2023\/11\/IMG_4911-1152x1536.jpeg 1152w, https:\/\/przedszkole23.edu.wroclaw.pl\/wp-content\/uploads\/sites\/32\/2023\/11\/IMG_4911-1536x2048.jpeg 1536w, https:\/\/przedszkole23.edu.wroclaw.pl\/wp-content\/uploads\/sites\/32\/2023\/11\/IMG_4911-scaled.jpeg 1920w\" sizes=\"auto, (max-width: 225px) 100vw, 225px\" \/><\/a><\/div>\n<\/div>\n<\/div>\n<\/div>\n<\/div>\n<\/div>\n<\/div>\n<\/div>\n<\/div>\n<\/div>\n<\/div>\n<\/div>\n<\/div>\n<\/div>\n<\/div>\n<\/div>\n<\/div>\n<\/div>\n<\/div>\n<\/div>\n<\/div>\n<\/div>\n<\/div>\n<\/div>\n<\/div>\n<\/div>\n<\/div>\n<\/div>\n","protected":false},"excerpt":{"rendered":"<p>Grupa Dzwoneczki\u00a0 wzi\u0119\u0142a udzia\u0142 w og\u00f3lnopolskim projekcie ,, Ekokropelki ratuj\u0105 \u015bwiat wielki&#8221;, kt\u00f3ry trwa\u0142 od czerwca do listopada 2023. W ramach realizacji dzia\u0142a\u0144 odby\u0142 si\u0119 cykl zaj\u0119\u0107 dotycz\u0105cych wody, kt\u00f3ry [&hellip;]<\/p>\n","protected":false},"author":69,"featured_media":5837,"comment_status":"closed","ping_status":"closed","sticky":false,"template":"","format":"standard","meta":{"footnotes":""},"categories":[3],"tags":[],"class_list":["post-5839","post","type-post","status-publish","format-standard","has-post-thumbnail","hentry","category-aktualnosci","clearfix"],"_links":{"self":[{"href":"https:\/\/przedszkole23.edu.wroclaw.pl\/index.php\/wp-json\/wp\/v2\/posts\/5839","targetHints":{"allow":["GET"]}}],"collection":[{"href":"https:\/\/przedszkole23.edu.wroclaw.pl\/index.php\/wp-json\/wp\/v2\/posts"}],"about":[{"href":"https:\/\/przedszkole23.edu.wroclaw.pl\/index.php\/wp-json\/wp\/v2\/types\/post"}],"author":[{"embeddable":true,"href":"https:\/\/przedszkole23.edu.wroclaw.pl\/index.php\/wp-json\/wp\/v2\/users\/69"}],"replies":[{"embeddable":true,"href":"https:\/\/przedszkole23.edu.wroclaw.pl\/index.php\/wp-json\/wp\/v2\/comments?post=5839"}],"version-history":[{"count":1,"href":"https:\/\/przedszkole23.edu.wroclaw.pl\/index.php\/wp-json\/wp\/v2\/posts\/5839\/revisions"}],"predecessor-version":[{"id":5840,"href":"https:\/\/przedszkole23.edu.wroclaw.pl\/index.php\/wp-json\/wp\/v2\/posts\/5839\/revisions\/5840"}],"wp:featuredmedia":[{"embeddable":true,"href":"https:\/\/przedszkole23.edu.wroclaw.pl\/index.php\/wp-json\/wp\/v2\/media\/5837"}],"wp:attachment":[{"href":"https:\/\/przedszkole23.edu.wroclaw.pl\/index.php\/wp-json\/wp\/v2\/media?parent=5839"}],"wp:term":[{"taxonomy":"category","embeddable":true,"href":"https:\/\/przedszkole23.edu.wroclaw.pl\/index.php\/wp-json\/wp\/v2\/categories?post=5839"},{"taxonomy":"post_tag","embeddable":true,"href":"https:\/\/przedszkole23.edu.wroclaw.pl\/index.php\/wp-json\/wp\/v2\/tags?post=5839"}],"curies":[{"name":"wp","href":"https:\/\/api.w.org\/{rel}","templated":true}]}}