
{"id":6063,"date":"2023-12-06T14:50:09","date_gmt":"2023-12-06T13:50:09","guid":{"rendered":"https:\/\/przedszkole23.edu.wroclaw.pl\/?p=6063"},"modified":"2023-12-06T14:50:14","modified_gmt":"2023-12-06T13:50:14","slug":"mikolajki-w-przedszkolu-6-grudnia-2023","status":"publish","type":"post","link":"https:\/\/przedszkole23.edu.wroclaw.pl\/index.php\/2023\/12\/06\/mikolajki-w-przedszkolu-6-grudnia-2023\/","title":{"rendered":"Miko\u0142ajki w Przedszkolu &#8211; 6 grudnia 2023"},"content":{"rendered":"<h2>Miko\u0142ajki w Przedszkolu nr 23<\/h2>\n<div class=\"content-module content-module-text\">\n<div class=\"py-3\">\n<div class=\"post_content\">\n<p class=\"page_speed_622512949\"><strong><em>\u201e6 grudnia \u2013 jak dobrze wiecie,<\/em><\/strong><br \/>\n<strong><em>\u015awi\u0119ty Miko\u0142aj chodzi po \u015bwiecie.<\/em><\/strong><br \/>\n<strong><em>D\u017awiga sw\u00f3j worek niezmordowanie<\/em><\/strong><br \/>\n<strong><em>i ka\u017cde dziecko prezent dostanie (&#8230;)<\/em><em>\u201d<\/em><\/strong><\/p>\n<p class=\"page_speed_622512949\">6 grudnia to bardzo wyj\u0105tkowy i magiczny dzie\u0144 dla wszystkich dzieci.<\/p>\n<p class=\"page_speed_622512949\">Nasze przedszkole odwiedzi\u0142\u00a0 bardzo mi\u0142y i d\u0142ugo oczekiwany\u00a0 go\u015b\u0107- \u015awi\u0119ty Miko\u0142aj.<\/p>\n<p class=\"page_speed_622512949\">Przyni\u00f3s\u0142 ze sob\u0105\u00a0 ci\u0119\u017cki worek pi\u0119knych\u00a0 prezent\u00f3w, kt\u00f3re\u00a0 rozda\u0142 dzieciom. Wszystkie grupy Przedszkolak\u00f3w tak\u017ce mia\u0142y dla Miko\u0142aja prezent- zaprosi\u0142y go do wsp\u00f3lnego \u015bpiewu i ta\u0144ca &#8211; zaprezentowa\u0142y kr\u00f3tki wyst\u0119p.<\/p>\n<p class=\"page_speed_622512949\">Na twarzach dzieci malowa\u0142a si\u0119 wielka rado\u015b\u0107 i przej\u0119cie, a tak\u017ce nadzieja na kolejne spotkanie.\u00a0 \u015awi\u0119ty Miko\u0142aju bardzo dzi\u0119kujemy za odwiedziny i do zobaczenia za rok!<\/p>\n<p class=\"page_speed_622512949\"><a href=\"https:\/\/przedszkole23.edu.wroclaw.pl\/wp-content\/uploads\/sites\/32\/2023\/12\/DSC00937-scaled.jpg\"><img loading=\"lazy\" decoding=\"async\" class=\"alignnone size-medium wp-image-6040\" src=\"https:\/\/przedszkole23.edu.wroclaw.pl\/wp-content\/uploads\/sites\/32\/2023\/12\/DSC00937-300x225.jpg\" alt=\"\" width=\"300\" height=\"225\" srcset=\"https:\/\/przedszkole23.edu.wroclaw.pl\/wp-content\/uploads\/sites\/32\/2023\/12\/DSC00937-300x225.jpg 300w, https:\/\/przedszkole23.edu.wroclaw.pl\/wp-content\/uploads\/sites\/32\/2023\/12\/DSC00937-1024x768.jpg 1024w, https:\/\/przedszkole23.edu.wroclaw.pl\/wp-content\/uploads\/sites\/32\/2023\/12\/DSC00937-768x576.jpg 768w, https:\/\/przedszkole23.edu.wroclaw.pl\/wp-content\/uploads\/sites\/32\/2023\/12\/DSC00937-600x450.jpg 600w, https:\/\/przedszkole23.edu.wroclaw.pl\/wp-content\/uploads\/sites\/32\/2023\/12\/DSC00937-1536x1152.jpg 1536w, https:\/\/przedszkole23.edu.wroclaw.pl\/wp-content\/uploads\/sites\/32\/2023\/12\/DSC00937-2048x1536.jpg 2048w\" sizes=\"auto, (max-width: 300px) 100vw, 300px\" \/><\/a><a href=\"https:\/\/przedszkole23.edu.wroclaw.pl\/wp-content\/uploads\/sites\/32\/2023\/12\/DSC00923-scaled.jpg\"><img loading=\"lazy\" decoding=\"async\" class=\"alignnone wp-image-6038\" src=\"https:\/\/przedszkole23.edu.wroclaw.pl\/wp-content\/uploads\/sites\/32\/2023\/12\/DSC00923-300x225.jpg\" alt=\"\" width=\"299\" height=\"224\" srcset=\"https:\/\/przedszkole23.edu.wroclaw.pl\/wp-content\/uploads\/sites\/32\/2023\/12\/DSC00923-300x225.jpg 300w, https:\/\/przedszkole23.edu.wroclaw.pl\/wp-content\/uploads\/sites\/32\/2023\/12\/DSC00923-1024x768.jpg 1024w, https:\/\/przedszkole23.edu.wroclaw.pl\/wp-content\/uploads\/sites\/32\/2023\/12\/DSC00923-768x576.jpg 768w, https:\/\/przedszkole23.edu.wroclaw.pl\/wp-content\/uploads\/sites\/32\/2023\/12\/DSC00923-600x450.jpg 600w, https:\/\/przedszkole23.edu.wroclaw.pl\/wp-content\/uploads\/sites\/32\/2023\/12\/DSC00923-1536x1152.jpg 1536w, https:\/\/przedszkole23.edu.wroclaw.pl\/wp-content\/uploads\/sites\/32\/2023\/12\/DSC00923-2048x1536.jpg 2048w\" sizes=\"auto, (max-width: 299px) 100vw, 299px\" \/><img loading=\"lazy\" decoding=\"async\" class=\"\" src=\"https:\/\/przedszkole23.edu.wroclaw.pl\/wp-content\/uploads\/sites\/32\/2023\/12\/DSC00970-225x300.jpg\" width=\"201\" height=\"268\" \/><img loading=\"lazy\" decoding=\"async\" class=\"\" src=\"https:\/\/przedszkole23.edu.wroclaw.pl\/wp-content\/uploads\/sites\/32\/2023\/12\/DSC00959-300x225.jpg\" width=\"331\" height=\"248\" \/><\/a><\/p>\n<\/div>\n<\/div>\n<\/div>\n","protected":false},"excerpt":{"rendered":"<p>Miko\u0142ajki w Przedszkolu nr 23 \u201e6 grudnia \u2013 jak dobrze wiecie, \u015awi\u0119ty Miko\u0142aj chodzi po \u015bwiecie. D\u017awiga sw\u00f3j worek niezmordowanie i ka\u017cde dziecko prezent dostanie (&#8230;)\u201d 6 grudnia to bardzo [&hellip;]<\/p>\n","protected":false},"author":69,"featured_media":6041,"comment_status":"closed","ping_status":"closed","sticky":false,"template":"","format":"standard","meta":{"footnotes":""},"categories":[3],"tags":[],"class_list":["post-6063","post","type-post","status-publish","format-standard","has-post-thumbnail","hentry","category-aktualnosci","clearfix"],"_links":{"self":[{"href":"https:\/\/przedszkole23.edu.wroclaw.pl\/index.php\/wp-json\/wp\/v2\/posts\/6063","targetHints":{"allow":["GET"]}}],"collection":[{"href":"https:\/\/przedszkole23.edu.wroclaw.pl\/index.php\/wp-json\/wp\/v2\/posts"}],"about":[{"href":"https:\/\/przedszkole23.edu.wroclaw.pl\/index.php\/wp-json\/wp\/v2\/types\/post"}],"author":[{"embeddable":true,"href":"https:\/\/przedszkole23.edu.wroclaw.pl\/index.php\/wp-json\/wp\/v2\/users\/69"}],"replies":[{"embeddable":true,"href":"https:\/\/przedszkole23.edu.wroclaw.pl\/index.php\/wp-json\/wp\/v2\/comments?post=6063"}],"version-history":[{"count":1,"href":"https:\/\/przedszkole23.edu.wroclaw.pl\/index.php\/wp-json\/wp\/v2\/posts\/6063\/revisions"}],"predecessor-version":[{"id":6064,"href":"https:\/\/przedszkole23.edu.wroclaw.pl\/index.php\/wp-json\/wp\/v2\/posts\/6063\/revisions\/6064"}],"wp:featuredmedia":[{"embeddable":true,"href":"https:\/\/przedszkole23.edu.wroclaw.pl\/index.php\/wp-json\/wp\/v2\/media\/6041"}],"wp:attachment":[{"href":"https:\/\/przedszkole23.edu.wroclaw.pl\/index.php\/wp-json\/wp\/v2\/media?parent=6063"}],"wp:term":[{"taxonomy":"category","embeddable":true,"href":"https:\/\/przedszkole23.edu.wroclaw.pl\/index.php\/wp-json\/wp\/v2\/categories?post=6063"},{"taxonomy":"post_tag","embeddable":true,"href":"https:\/\/przedszkole23.edu.wroclaw.pl\/index.php\/wp-json\/wp\/v2\/tags?post=6063"}],"curies":[{"name":"wp","href":"https:\/\/api.w.org\/{rel}","templated":true}]}}