
{"id":6067,"date":"2023-12-19T13:58:34","date_gmt":"2023-12-19T12:58:34","guid":{"rendered":"https:\/\/przedszkole23.edu.wroclaw.pl\/?p=6067"},"modified":"2023-12-19T14:13:02","modified_gmt":"2023-12-19T13:13:02","slug":"abc-malego-konsumenta-ogolnopolski-projekt-edukacyjny","status":"publish","type":"post","link":"https:\/\/przedszkole23.edu.wroclaw.pl\/index.php\/2023\/12\/19\/abc-malego-konsumenta-ogolnopolski-projekt-edukacyjny\/","title":{"rendered":"ABC Ma\u0142ego Konsumenta &#8211; og\u00f3lnopolski projekt edukacyjny"},"content":{"rendered":"<p>Grupa S\u00f3wek, Zaczarowanych Kredek, Ma\u0142ych Badaczy i Dzwoneczk\u00f3w wzi\u0119\u0142a udzia\u0142 w og\u00f3lnopolskim projekcie edukacyjnym ABC Ma\u0142ego Konsumenta przygotowany przez Urz\u0105d Ochrony Konkurencji i Konsument\u00f3w. Podczas realizacji zada\u0144 przedszkolaki dowiedzia\u0142y si\u0119 o tym kim jest konsument, gdzie robimy zakupy, co to jest paragon i do czego s\u0142u\u017cy, czym jest reklamacja i kiedy mo\u017cemy z niej skorzysta\u0107, jak robi\u0107 przemy\u015blane zakupy. Dzieci mia\u0142y mo\u017cliwo\u015b\u0107 zastosowania zdobytej wiedzy graj\u0105c w przygotowane przez organizator\u00f3w gry online &#8222;SKLEPOWE MEMO&#8221; i &#8222;NA ZAKUPACH&#8221;. Na zako\u0144czenie otrzyma\u0142y dyplomy, magnesy w postaci listy zakup\u00f3w oraz karty pracy do samodzielnej zabawy.<\/p>\n<p><a href=\"https:\/\/przedszkole23.edu.wroclaw.pl\/wp-content\/uploads\/sites\/32\/2023\/12\/20231214_133418-scaled.jpg\"><img loading=\"lazy\" decoding=\"async\" class=\"alignnone wp-image-6076\" src=\"https:\/\/przedszkole23.edu.wroclaw.pl\/wp-content\/uploads\/sites\/32\/2023\/12\/20231214_133418-300x225.jpg\" alt=\"\" width=\"256\" height=\"192\" srcset=\"https:\/\/przedszkole23.edu.wroclaw.pl\/wp-content\/uploads\/sites\/32\/2023\/12\/20231214_133418-300x225.jpg 300w, https:\/\/przedszkole23.edu.wroclaw.pl\/wp-content\/uploads\/sites\/32\/2023\/12\/20231214_133418-1024x768.jpg 1024w, https:\/\/przedszkole23.edu.wroclaw.pl\/wp-content\/uploads\/sites\/32\/2023\/12\/20231214_133418-768x576.jpg 768w, https:\/\/przedszkole23.edu.wroclaw.pl\/wp-content\/uploads\/sites\/32\/2023\/12\/20231214_133418-1536x1152.jpg 1536w, https:\/\/przedszkole23.edu.wroclaw.pl\/wp-content\/uploads\/sites\/32\/2023\/12\/20231214_133418-2048x1536.jpg 2048w\" sizes=\"auto, (max-width: 256px) 100vw, 256px\" \/><\/a><a href=\"https:\/\/przedszkole23.edu.wroclaw.pl\/wp-content\/uploads\/sites\/32\/2023\/12\/20231214_132830-scaled.jpg\"><img loading=\"lazy\" decoding=\"async\" class=\"alignnone wp-image-6075\" src=\"https:\/\/przedszkole23.edu.wroclaw.pl\/wp-content\/uploads\/sites\/32\/2023\/12\/20231214_132830-225x300.jpg\" alt=\"\" width=\"144\" height=\"192\" srcset=\"https:\/\/przedszkole23.edu.wroclaw.pl\/wp-content\/uploads\/sites\/32\/2023\/12\/20231214_132830-225x300.jpg 225w, https:\/\/przedszkole23.edu.wroclaw.pl\/wp-content\/uploads\/sites\/32\/2023\/12\/20231214_132830-768x1024.jpg 768w, https:\/\/przedszkole23.edu.wroclaw.pl\/wp-content\/uploads\/sites\/32\/2023\/12\/20231214_132830-1152x1536.jpg 1152w, https:\/\/przedszkole23.edu.wroclaw.pl\/wp-content\/uploads\/sites\/32\/2023\/12\/20231214_132830-1536x2048.jpg 1536w, https:\/\/przedszkole23.edu.wroclaw.pl\/wp-content\/uploads\/sites\/32\/2023\/12\/20231214_132830-scaled.jpg 1920w\" sizes=\"auto, (max-width: 144px) 100vw, 144px\" \/><\/a><a href=\"https:\/\/przedszkole23.edu.wroclaw.pl\/wp-content\/uploads\/sites\/32\/2023\/12\/20231207_112138-scaled.jpg\"><img loading=\"lazy\" decoding=\"async\" class=\"alignnone wp-image-6073\" src=\"https:\/\/przedszkole23.edu.wroclaw.pl\/wp-content\/uploads\/sites\/32\/2023\/12\/20231207_112138-300x225.jpg\" alt=\"\" width=\"264\" height=\"198\" srcset=\"https:\/\/przedszkole23.edu.wroclaw.pl\/wp-content\/uploads\/sites\/32\/2023\/12\/20231207_112138-300x225.jpg 300w, https:\/\/przedszkole23.edu.wroclaw.pl\/wp-content\/uploads\/sites\/32\/2023\/12\/20231207_112138-1024x768.jpg 1024w, https:\/\/przedszkole23.edu.wroclaw.pl\/wp-content\/uploads\/sites\/32\/2023\/12\/20231207_112138-768x576.jpg 768w, https:\/\/przedszkole23.edu.wroclaw.pl\/wp-content\/uploads\/sites\/32\/2023\/12\/20231207_112138-1536x1152.jpg 1536w, https:\/\/przedszkole23.edu.wroclaw.pl\/wp-content\/uploads\/sites\/32\/2023\/12\/20231207_112138-2048x1536.jpg 2048w\" sizes=\"auto, (max-width: 264px) 100vw, 264px\" \/><\/a><a href=\"https:\/\/przedszkole23.edu.wroclaw.pl\/wp-content\/uploads\/sites\/32\/2023\/12\/20231207_111642-scaled.jpg\"><img loading=\"lazy\" decoding=\"async\" class=\"alignnone wp-image-6072\" src=\"https:\/\/przedszkole23.edu.wroclaw.pl\/wp-content\/uploads\/sites\/32\/2023\/12\/20231207_111642-225x300.jpg\" alt=\"\" width=\"146\" height=\"195\" srcset=\"https:\/\/przedszkole23.edu.wroclaw.pl\/wp-content\/uploads\/sites\/32\/2023\/12\/20231207_111642-225x300.jpg 225w, https:\/\/przedszkole23.edu.wroclaw.pl\/wp-content\/uploads\/sites\/32\/2023\/12\/20231207_111642-768x1024.jpg 768w, https:\/\/przedszkole23.edu.wroclaw.pl\/wp-content\/uploads\/sites\/32\/2023\/12\/20231207_111642-1152x1536.jpg 1152w, https:\/\/przedszkole23.edu.wroclaw.pl\/wp-content\/uploads\/sites\/32\/2023\/12\/20231207_111642-1536x2048.jpg 1536w, https:\/\/przedszkole23.edu.wroclaw.pl\/wp-content\/uploads\/sites\/32\/2023\/12\/20231207_111642-scaled.jpg 1920w\" sizes=\"auto, (max-width: 146px) 100vw, 146px\" \/><\/a><a href=\"https:\/\/przedszkole23.edu.wroclaw.pl\/wp-content\/uploads\/sites\/32\/2023\/12\/20231207_111613-scaled.jpg\"><img loading=\"lazy\" decoding=\"async\" class=\"alignnone wp-image-6071\" src=\"https:\/\/przedszkole23.edu.wroclaw.pl\/wp-content\/uploads\/sites\/32\/2023\/12\/20231207_111613-225x300.jpg\" alt=\"\" width=\"145\" height=\"193\" srcset=\"https:\/\/przedszkole23.edu.wroclaw.pl\/wp-content\/uploads\/sites\/32\/2023\/12\/20231207_111613-225x300.jpg 225w, https:\/\/przedszkole23.edu.wroclaw.pl\/wp-content\/uploads\/sites\/32\/2023\/12\/20231207_111613-768x1024.jpg 768w, https:\/\/przedszkole23.edu.wroclaw.pl\/wp-content\/uploads\/sites\/32\/2023\/12\/20231207_111613-1152x1536.jpg 1152w, https:\/\/przedszkole23.edu.wroclaw.pl\/wp-content\/uploads\/sites\/32\/2023\/12\/20231207_111613-1536x2048.jpg 1536w, https:\/\/przedszkole23.edu.wroclaw.pl\/wp-content\/uploads\/sites\/32\/2023\/12\/20231207_111613-scaled.jpg 1920w\" sizes=\"auto, (max-width: 145px) 100vw, 145px\" \/><\/a><a href=\"https:\/\/przedszkole23.edu.wroclaw.pl\/wp-content\/uploads\/sites\/32\/2023\/12\/20231207_105531-scaled.jpg\"><img loading=\"lazy\" decoding=\"async\" class=\"alignnone wp-image-6070\" src=\"https:\/\/przedszkole23.edu.wroclaw.pl\/wp-content\/uploads\/sites\/32\/2023\/12\/20231207_105531-225x300.jpg\" alt=\"\" width=\"146\" height=\"194\" srcset=\"https:\/\/przedszkole23.edu.wroclaw.pl\/wp-content\/uploads\/sites\/32\/2023\/12\/20231207_105531-225x300.jpg 225w, https:\/\/przedszkole23.edu.wroclaw.pl\/wp-content\/uploads\/sites\/32\/2023\/12\/20231207_105531-768x1024.jpg 768w, https:\/\/przedszkole23.edu.wroclaw.pl\/wp-content\/uploads\/sites\/32\/2023\/12\/20231207_105531-1152x1536.jpg 1152w, https:\/\/przedszkole23.edu.wroclaw.pl\/wp-content\/uploads\/sites\/32\/2023\/12\/20231207_105531-1536x2048.jpg 1536w, https:\/\/przedszkole23.edu.wroclaw.pl\/wp-content\/uploads\/sites\/32\/2023\/12\/20231207_105531-scaled.jpg 1920w\" sizes=\"auto, (max-width: 146px) 100vw, 146px\" \/><\/a><a href=\"https:\/\/przedszkole23.edu.wroclaw.pl\/wp-content\/uploads\/sites\/32\/2023\/12\/20231207_105331-scaled.jpg\"><img loading=\"lazy\" decoding=\"async\" class=\"alignnone wp-image-6069\" src=\"https:\/\/przedszkole23.edu.wroclaw.pl\/wp-content\/uploads\/sites\/32\/2023\/12\/20231207_105331-225x300.jpg\" alt=\"\" width=\"148\" height=\"198\" srcset=\"https:\/\/przedszkole23.edu.wroclaw.pl\/wp-content\/uploads\/sites\/32\/2023\/12\/20231207_105331-225x300.jpg 225w, https:\/\/przedszkole23.edu.wroclaw.pl\/wp-content\/uploads\/sites\/32\/2023\/12\/20231207_105331-768x1024.jpg 768w, https:\/\/przedszkole23.edu.wroclaw.pl\/wp-content\/uploads\/sites\/32\/2023\/12\/20231207_105331-1152x1536.jpg 1152w, https:\/\/przedszkole23.edu.wroclaw.pl\/wp-content\/uploads\/sites\/32\/2023\/12\/20231207_105331-1536x2048.jpg 1536w, https:\/\/przedszkole23.edu.wroclaw.pl\/wp-content\/uploads\/sites\/32\/2023\/12\/20231207_105331-scaled.jpg 1920w\" sizes=\"auto, (max-width: 148px) 100vw, 148px\" \/><\/a><\/p>\n","protected":false},"excerpt":{"rendered":"<p>Grupa S\u00f3wek, Zaczarowanych Kredek, Ma\u0142ych Badaczy i Dzwoneczk\u00f3w wzi\u0119\u0142a udzia\u0142 w og\u00f3lnopolskim projekcie edukacyjnym ABC Ma\u0142ego Konsumenta przygotowany przez Urz\u0105d Ochrony Konkurencji i Konsument\u00f3w. Podczas realizacji zada\u0144 przedszkolaki dowiedzia\u0142y si\u0119 [&hellip;]<\/p>\n","protected":false},"author":69,"featured_media":6074,"comment_status":"closed","ping_status":"closed","sticky":false,"template":"","format":"standard","meta":{"footnotes":""},"categories":[3],"tags":[],"class_list":["post-6067","post","type-post","status-publish","format-standard","has-post-thumbnail","hentry","category-aktualnosci","clearfix"],"_links":{"self":[{"href":"https:\/\/przedszkole23.edu.wroclaw.pl\/index.php\/wp-json\/wp\/v2\/posts\/6067","targetHints":{"allow":["GET"]}}],"collection":[{"href":"https:\/\/przedszkole23.edu.wroclaw.pl\/index.php\/wp-json\/wp\/v2\/posts"}],"about":[{"href":"https:\/\/przedszkole23.edu.wroclaw.pl\/index.php\/wp-json\/wp\/v2\/types\/post"}],"author":[{"embeddable":true,"href":"https:\/\/przedszkole23.edu.wroclaw.pl\/index.php\/wp-json\/wp\/v2\/users\/69"}],"replies":[{"embeddable":true,"href":"https:\/\/przedszkole23.edu.wroclaw.pl\/index.php\/wp-json\/wp\/v2\/comments?post=6067"}],"version-history":[{"count":2,"href":"https:\/\/przedszkole23.edu.wroclaw.pl\/index.php\/wp-json\/wp\/v2\/posts\/6067\/revisions"}],"predecessor-version":[{"id":6077,"href":"https:\/\/przedszkole23.edu.wroclaw.pl\/index.php\/wp-json\/wp\/v2\/posts\/6067\/revisions\/6077"}],"wp:featuredmedia":[{"embeddable":true,"href":"https:\/\/przedszkole23.edu.wroclaw.pl\/index.php\/wp-json\/wp\/v2\/media\/6074"}],"wp:attachment":[{"href":"https:\/\/przedszkole23.edu.wroclaw.pl\/index.php\/wp-json\/wp\/v2\/media?parent=6067"}],"wp:term":[{"taxonomy":"category","embeddable":true,"href":"https:\/\/przedszkole23.edu.wroclaw.pl\/index.php\/wp-json\/wp\/v2\/categories?post=6067"},{"taxonomy":"post_tag","embeddable":true,"href":"https:\/\/przedszkole23.edu.wroclaw.pl\/index.php\/wp-json\/wp\/v2\/tags?post=6067"}],"curies":[{"name":"wp","href":"https:\/\/api.w.org\/{rel}","templated":true}]}}