
{"id":6149,"date":"2024-02-27T14:09:34","date_gmt":"2024-02-27T13:09:34","guid":{"rendered":"https:\/\/przedszkole23.edu.wroclaw.pl\/?p=6149"},"modified":"2024-02-27T14:12:34","modified_gmt":"2024-02-27T13:12:34","slug":"kampania-spoleczna-promujaca-cyfrowa-higiene-i-bezpieczny-rozwoj-dzieci-blisko-telefonu-daleko-od-dziecka","status":"publish","type":"post","link":"https:\/\/przedszkole23.edu.wroclaw.pl\/index.php\/2024\/02\/27\/kampania-spoleczna-promujaca-cyfrowa-higiene-i-bezpieczny-rozwoj-dzieci-blisko-telefonu-daleko-od-dziecka\/","title":{"rendered":"Kampania spo\u0142eczna promuj\u0105c\u0105 cyfrow\u0105 higien\u0119 i bezpieczny rozw\u00f3j dzieci  &#8222;Blisko telefonu &#8211; daleko od dziecka&#8221;"},"content":{"rendered":"<p><span style=\"font-size: 18pt;font-family: georgia, palatino\">Szanowni Pa\u0144stwo,<\/span><\/p>\n<p><span style=\"font-size: 18pt;font-family: georgia, palatino\">Fundacja Dajemy Dzieciom Si\u0142\u0119 wystartowa\u0142a w\u0142a\u015bnie z kampani\u0105 spo\u0142eczn\u0105 promuj\u0105c\u0105 cyfrow\u0105 higien\u0119 i bezpieczny rozw\u00f3j dzieci. Kampania <strong>&#8222;Blisko telefonu &#8211; daleko od dziecka<\/strong>&#8221; skierowana jest do rodzic\u00f3w dzieci do 6 roku \u017cycia i zwraca uwag\u0119 na negatywny wp\u0142yw korzystania przez rodzic\u00f3w z telefon\u00f3w w obecno\u015bci dziecka.<\/span><\/p>\n<p><span style=\"font-size: 18pt;font-family: georgia, palatino\">W ramach kampanii powsta\u0142 szereg materia\u0142\u00f3w edukacyjnych w tym: 4 grafiki z przekazami kampanii, podcasty z ekspertami, porady dla rodzic\u00f3w. A wszystko to umieszczone na stronie: <a href=\"https:\/\/www.domowezasadyekranowe.fdds.pl\/\">DomoweZasadyEkranowe.fdds.pl\u00a0<\/a><\/span><\/p>\n<p><span style=\"font-size: 18pt;font-family: georgia, palatino\">Dzi\u0119ki kampanii rodzice ma\u0142ych dzieci maj\u0105 szans\u0119 dowiedzie\u0107 si\u0119:<\/span><\/p>\n<ul>\n<li><span style=\"font-size: 18pt;font-family: georgia, palatino\">dlaczego korzystanie przez rodzica z telefonu przy dziecku ma negatywny wp\u0142yw na jego rozw\u00f3j,<\/span><\/li>\n<li><span style=\"font-size: 18pt;font-family: georgia, palatino\">dlaczego warto ogranicza\u0107 czas przy telefonie przy dziecku,<\/span><\/li>\n<li><span style=\"font-size: 18pt;font-family: georgia, palatino\">jak ogranicza\u0107 ten czas przy dziecku,<\/span><\/li>\n<li><span style=\"font-size: 18pt;font-family: georgia, palatino\">jak rozpoznawa\u0107, \u017ce nadu\u017cywa si\u0119 ekran\u00f3w przy dziecku.<\/span><\/li>\n<\/ul>\n<p><span style=\"font-size: 18pt;font-family: georgia, palatino\">Zach\u0119camy do zapoznania si\u0119 z materia\u0142ami.<\/span><\/p>\n","protected":false},"excerpt":{"rendered":"<p>Szanowni Pa\u0144stwo, Fundacja Dajemy Dzieciom Si\u0142\u0119 wystartowa\u0142a w\u0142a\u015bnie z kampani\u0105 spo\u0142eczn\u0105 promuj\u0105c\u0105 cyfrow\u0105 higien\u0119 i bezpieczny rozw\u00f3j dzieci. Kampania &#8222;Blisko telefonu &#8211; daleko od dziecka&#8221; skierowana jest do rodzic\u00f3w dzieci [&hellip;]<\/p>\n","protected":false},"author":69,"featured_media":6148,"comment_status":"closed","ping_status":"closed","sticky":false,"template":"","format":"standard","meta":{"footnotes":""},"categories":[3],"tags":[],"class_list":["post-6149","post","type-post","status-publish","format-standard","has-post-thumbnail","hentry","category-aktualnosci","clearfix"],"_links":{"self":[{"href":"https:\/\/przedszkole23.edu.wroclaw.pl\/index.php\/wp-json\/wp\/v2\/posts\/6149","targetHints":{"allow":["GET"]}}],"collection":[{"href":"https:\/\/przedszkole23.edu.wroclaw.pl\/index.php\/wp-json\/wp\/v2\/posts"}],"about":[{"href":"https:\/\/przedszkole23.edu.wroclaw.pl\/index.php\/wp-json\/wp\/v2\/types\/post"}],"author":[{"embeddable":true,"href":"https:\/\/przedszkole23.edu.wroclaw.pl\/index.php\/wp-json\/wp\/v2\/users\/69"}],"replies":[{"embeddable":true,"href":"https:\/\/przedszkole23.edu.wroclaw.pl\/index.php\/wp-json\/wp\/v2\/comments?post=6149"}],"version-history":[{"count":2,"href":"https:\/\/przedszkole23.edu.wroclaw.pl\/index.php\/wp-json\/wp\/v2\/posts\/6149\/revisions"}],"predecessor-version":[{"id":6151,"href":"https:\/\/przedszkole23.edu.wroclaw.pl\/index.php\/wp-json\/wp\/v2\/posts\/6149\/revisions\/6151"}],"wp:featuredmedia":[{"embeddable":true,"href":"https:\/\/przedszkole23.edu.wroclaw.pl\/index.php\/wp-json\/wp\/v2\/media\/6148"}],"wp:attachment":[{"href":"https:\/\/przedszkole23.edu.wroclaw.pl\/index.php\/wp-json\/wp\/v2\/media?parent=6149"}],"wp:term":[{"taxonomy":"category","embeddable":true,"href":"https:\/\/przedszkole23.edu.wroclaw.pl\/index.php\/wp-json\/wp\/v2\/categories?post=6149"},{"taxonomy":"post_tag","embeddable":true,"href":"https:\/\/przedszkole23.edu.wroclaw.pl\/index.php\/wp-json\/wp\/v2\/tags?post=6149"}],"curies":[{"name":"wp","href":"https:\/\/api.w.org\/{rel}","templated":true}]}}