
{"id":6169,"date":"2024-04-29T09:16:45","date_gmt":"2024-04-29T07:16:45","guid":{"rendered":"https:\/\/przedszkole23.edu.wroclaw.pl\/?p=6169"},"modified":"2024-04-29T09:21:08","modified_gmt":"2024-04-29T07:21:08","slug":"serdecznie-zapraszamy-do-udzialu-w-kampanii-rowerowy-maj-2024","status":"publish","type":"post","link":"https:\/\/przedszkole23.edu.wroclaw.pl\/index.php\/2024\/04\/29\/serdecznie-zapraszamy-do-udzialu-w-kampanii-rowerowy-maj-2024\/","title":{"rendered":"Serdecznie zapraszamy do udzia\u0142u w kampanii Rowerowy Maj 2024"},"content":{"rendered":"<p>Rowerowy Maj to najwi\u0119ksza kampania w Polsce promuj\u0105ca przemieszczanie si\u0119 na rowerze, hulajnodze, rolkach czy deskorolce w\u015br\u00f3d uczni\u00f3w szk\u00f3\u0142 podstawowych oraz przedszkolak\u00f3w. Zrodzi\u0142a si\u0119 w 2014 w Gda\u0144sku, a od 2016 roku do kampanii przy\u0142\u0105czy\u0142 si\u0119 Wroc\u0142aw.<\/p>\n<p>Poprzez kampani\u0119:<\/p>\n<ul>\n<li>wp\u0142ywamy na kszta\u0142towanie pozytywnych nawyk\u00f3w transportowych,<\/li>\n<li>promujemy zdrowy styl \u017cycia,<\/li>\n<li>wspieramy samodzielno\u015b\u0107 dzieci,<\/li>\n<li>poprawiamy bezpiecze\u0144stwo komunikacyjne przy szko\u0142ach i przedszkolach,<\/li>\n<li>dbamy o \u015brodowisko.<\/li>\n<\/ul>\n<p>Serdecznie zapraszamy nasze dzieci do aktywnego uczestnictwa w akcji, kt\u00f3ra b\u0119dzie trwa\u0107 <strong>od 06 do 29 maja 2024 r. <\/strong><\/p>\n<p>Prosimy o zapoznanie si\u0119 z regulaminem akcji i dodatkowymi informacjami.<\/p>\n<p><a href=\"https:\/\/przedszkole23.edu.wroclaw.pl\/wp-content\/uploads\/sites\/32\/2024\/04\/Regulamin-RM-2024-2026-Gmina-Wroclaw.pdf\">Regulamin RM 2024-2026-Gmina Wroclaw<\/a><\/p>\n<p><a href=\"https:\/\/przedszkole23.edu.wroclaw.pl\/wp-content\/uploads\/sites\/32\/2024\/04\/RM_ulotka_dla_rodzicow-1.pdf\">RM_ulotka_dla_rodzicow (1)<\/a><\/p>\n<p>&nbsp;<\/p>\n<p>Wi\u0119cej informacji o akcji znajduje si\u0119 na stronach internetowych:<\/p>\n<p><a href=\"https:\/\/rowerowymaj.eu\/\">https:\/\/rowerowymaj.eu\/<\/a> i <a href=\"https:\/\/rowerowymaj.eu\/\">https:\/\/rowerowymaj.eu\/<\/a> i <a href=\"https:\/\/www.wroclaw.pl\/komunikacja\/rowerowy-maj\">https:\/\/www.wroclaw.pl\/komunikacja\/rowerowy-maj<\/a><\/p>\n<p>&nbsp;<\/p>\n","protected":false},"excerpt":{"rendered":"<p>Rowerowy Maj to najwi\u0119ksza kampania w Polsce promuj\u0105ca przemieszczanie si\u0119 na rowerze, hulajnodze, rolkach czy deskorolce w\u015br\u00f3d uczni\u00f3w szk\u00f3\u0142 podstawowych oraz przedszkolak\u00f3w. Zrodzi\u0142a si\u0119 w 2014 w Gda\u0144sku, a od [&hellip;]<\/p>\n","protected":false},"author":69,"featured_media":6171,"comment_status":"closed","ping_status":"closed","sticky":false,"template":"","format":"standard","meta":{"footnotes":""},"categories":[3],"tags":[],"class_list":["post-6169","post","type-post","status-publish","format-standard","has-post-thumbnail","hentry","category-aktualnosci","clearfix"],"_links":{"self":[{"href":"https:\/\/przedszkole23.edu.wroclaw.pl\/index.php\/wp-json\/wp\/v2\/posts\/6169","targetHints":{"allow":["GET"]}}],"collection":[{"href":"https:\/\/przedszkole23.edu.wroclaw.pl\/index.php\/wp-json\/wp\/v2\/posts"}],"about":[{"href":"https:\/\/przedszkole23.edu.wroclaw.pl\/index.php\/wp-json\/wp\/v2\/types\/post"}],"author":[{"embeddable":true,"href":"https:\/\/przedszkole23.edu.wroclaw.pl\/index.php\/wp-json\/wp\/v2\/users\/69"}],"replies":[{"embeddable":true,"href":"https:\/\/przedszkole23.edu.wroclaw.pl\/index.php\/wp-json\/wp\/v2\/comments?post=6169"}],"version-history":[{"count":1,"href":"https:\/\/przedszkole23.edu.wroclaw.pl\/index.php\/wp-json\/wp\/v2\/posts\/6169\/revisions"}],"predecessor-version":[{"id":6170,"href":"https:\/\/przedszkole23.edu.wroclaw.pl\/index.php\/wp-json\/wp\/v2\/posts\/6169\/revisions\/6170"}],"wp:featuredmedia":[{"embeddable":true,"href":"https:\/\/przedszkole23.edu.wroclaw.pl\/index.php\/wp-json\/wp\/v2\/media\/6171"}],"wp:attachment":[{"href":"https:\/\/przedszkole23.edu.wroclaw.pl\/index.php\/wp-json\/wp\/v2\/media?parent=6169"}],"wp:term":[{"taxonomy":"category","embeddable":true,"href":"https:\/\/przedszkole23.edu.wroclaw.pl\/index.php\/wp-json\/wp\/v2\/categories?post=6169"},{"taxonomy":"post_tag","embeddable":true,"href":"https:\/\/przedszkole23.edu.wroclaw.pl\/index.php\/wp-json\/wp\/v2\/tags?post=6169"}],"curies":[{"name":"wp","href":"https:\/\/api.w.org\/{rel}","templated":true}]}}