
{"id":6203,"date":"2024-05-27T15:45:47","date_gmt":"2024-05-27T13:45:47","guid":{"rendered":"https:\/\/przedszkole23.edu.wroclaw.pl\/?p=6203"},"modified":"2024-05-27T15:57:10","modified_gmt":"2024-05-27T13:57:10","slug":"wojewodzki-program-edukacyjny-dla-przedszkoli-laurka-dla-mamy-badajcie-sie-drogie-mamy-bo-my-dzieci-was-kochamy","status":"publish","type":"post","link":"https:\/\/przedszkole23.edu.wroclaw.pl\/index.php\/2024\/05\/27\/wojewodzki-program-edukacyjny-dla-przedszkoli-laurka-dla-mamy-badajcie-sie-drogie-mamy-bo-my-dzieci-was-kochamy\/","title":{"rendered":"Wojew\u00f3dzki program edukacyjny dla przedszkoli &#8222;LAURKA DLA MAMY &#8211; BADAJCIE SI\u0118 DROGIE MAMY, BO MY DZIECI WAS KOCHAMY&#8221;"},"content":{"rendered":"<p>Nasze przedszkole bierze udzia\u0142 \u00a0w dzia\u0142aniach informacyjno-edukacyjnych kierowanych do Mam dzieci przedszkolnych.<\/p>\n<p>Wojew\u00f3dzki program edukacyjny dla przedszkoli dotyczy profilaktyki raka szyjki macicy i innych nowotwor\u00f3w hpv-zale\u017cnych<\/p>\n<p>Zapraszamy do\u00a0 zapoznania si\u0119 z materia\u0142ami informacyjnymi znajduj\u0105cymi si\u0119 na stronie internetowej:<\/p>\n<p><a href=\"https:\/\/www.gov.pl\/web\/wsse-wroclaw\/wojewodzki-program-edukacyjny-dla-dzieci-w-wieku-przedszkolnym-ich-rodzicow-i-opiekunow-pt-laurka-dla-mamy---badajcie-sie-drogie-mamy-bo-my-dzieci-was-kochamy\">https:\/\/www.gov.pl\/web\/wsse-wroclaw\/wojewodzki-program-edukacyjny-dla-dzieci-w-wieku-przedszkolnym-ich-rodzicow-i-opiekunow-pt-laurka-dla-mamy&#8212;badajcie-sie-drogie-mamy-bo-my-dzieci-was-kochamy<\/a><\/p>\n<p><a href=\"https:\/\/przedszkole23.edu.wroclaw.pl\/wp-content\/uploads\/sites\/32\/2024\/05\/Szczepienia-info_HPV.pdf\">Szczepienia-info_HPV<\/a><\/p>\n<p>&nbsp;<\/p>\n","protected":false},"excerpt":{"rendered":"<p>Nasze przedszkole bierze udzia\u0142 \u00a0w dzia\u0142aniach informacyjno-edukacyjnych kierowanych do Mam dzieci przedszkolnych. Wojew\u00f3dzki program edukacyjny dla przedszkoli dotyczy profilaktyki raka szyjki macicy i innych nowotwor\u00f3w hpv-zale\u017cnych Zapraszamy do\u00a0 zapoznania si\u0119 [&hellip;]<\/p>\n","protected":false},"author":69,"featured_media":6199,"comment_status":"closed","ping_status":"closed","sticky":false,"template":"","format":"standard","meta":{"footnotes":""},"categories":[3],"tags":[],"class_list":["post-6203","post","type-post","status-publish","format-standard","has-post-thumbnail","hentry","category-aktualnosci","clearfix"],"_links":{"self":[{"href":"https:\/\/przedszkole23.edu.wroclaw.pl\/index.php\/wp-json\/wp\/v2\/posts\/6203","targetHints":{"allow":["GET"]}}],"collection":[{"href":"https:\/\/przedszkole23.edu.wroclaw.pl\/index.php\/wp-json\/wp\/v2\/posts"}],"about":[{"href":"https:\/\/przedszkole23.edu.wroclaw.pl\/index.php\/wp-json\/wp\/v2\/types\/post"}],"author":[{"embeddable":true,"href":"https:\/\/przedszkole23.edu.wroclaw.pl\/index.php\/wp-json\/wp\/v2\/users\/69"}],"replies":[{"embeddable":true,"href":"https:\/\/przedszkole23.edu.wroclaw.pl\/index.php\/wp-json\/wp\/v2\/comments?post=6203"}],"version-history":[{"count":5,"href":"https:\/\/przedszkole23.edu.wroclaw.pl\/index.php\/wp-json\/wp\/v2\/posts\/6203\/revisions"}],"predecessor-version":[{"id":6208,"href":"https:\/\/przedszkole23.edu.wroclaw.pl\/index.php\/wp-json\/wp\/v2\/posts\/6203\/revisions\/6208"}],"wp:featuredmedia":[{"embeddable":true,"href":"https:\/\/przedszkole23.edu.wroclaw.pl\/index.php\/wp-json\/wp\/v2\/media\/6199"}],"wp:attachment":[{"href":"https:\/\/przedszkole23.edu.wroclaw.pl\/index.php\/wp-json\/wp\/v2\/media?parent=6203"}],"wp:term":[{"taxonomy":"category","embeddable":true,"href":"https:\/\/przedszkole23.edu.wroclaw.pl\/index.php\/wp-json\/wp\/v2\/categories?post=6203"},{"taxonomy":"post_tag","embeddable":true,"href":"https:\/\/przedszkole23.edu.wroclaw.pl\/index.php\/wp-json\/wp\/v2\/tags?post=6203"}],"curies":[{"name":"wp","href":"https:\/\/api.w.org\/{rel}","templated":true}]}}