
{"id":637,"date":"2018-03-02T18:47:06","date_gmt":"2018-03-02T17:47:06","guid":{"rendered":"https:\/\/przedszkole23.edu.wroclaw.pl\/?p=637"},"modified":"2018-03-02T18:47:06","modified_gmt":"2018-03-02T17:47:06","slug":"podsumowanie-akcji-gora-grosza","status":"publish","type":"post","link":"https:\/\/przedszkole23.edu.wroclaw.pl\/index.php\/2018\/03\/02\/podsumowanie-akcji-gora-grosza\/","title":{"rendered":"Podsumowanie akcji &#8222;G\u00f3ra Grosza&#8221;"},"content":{"rendered":"<p style=\"text-align: center\"><span style=\"color: #000000;font-size: 14pt\">Podsumowanie akcji &#8222;G\u00f3ra Grosza&#8221;<\/span><\/p>\n<p style=\"text-align: center\"><span style=\"color: #000000;font-size: 14pt\">XVII EDYCJA AKCJI G\u00d3RA GROSZA<\/span><\/p>\n<p style=\"text-align: center\"><span style=\"color: #000000\">\u00a0Nasze przedszkole po raz pierwszy przy\u0142\u0105czy\u0142o si\u0119 do akcji &#8222;G\u00f3ra Grosza&#8221; . W czasie akcji\u00a0na prze\u0142omie grudnia i stycznia mo\u017cna by\u0142o wrzuca\u0107 pieni\u0105dze do specjalnych puszek\/pojemnik\u00f3w grupowych. W styczniu, po przeliczeniu drobniak\u00f3w, pieni\u0105dze zosta\u0142y przekazane Towarzystwu Nasz Dom za po\u015brednictwem Poczty Polskiej.<\/span><\/p>\n<p style=\"text-align: center\"><span style=\"color: #000000\">Celem akcji by\u0142o zebranie \u015brodk\u00f3w na pomoc dzieciom wychowuj\u0105cym si\u0119 poza w\u0142asn\u0105 rodzin\u0105, w\u00a0tym na tworzenie takich program\u00f3w, kt\u00f3re pozwol\u0105 dzieciom wr\u00f3ci\u0107 do domu, b\u0105d\u017a tworzenia takich miejsc, kt\u00f3re b\u0119d\u0105 w miar\u0119 swoich mo\u017cliwo\u015bci zbli\u017cone do domu rodzinnego oraz program\u00f3w, kt\u00f3re pozwol\u0105 im spokojnie dorasta\u0107.<\/span><\/p>\n<p style=\"text-align: center\"><span style=\"color: #000000\">Pieni\u0105dze uzbierane w poka\u017an\u0105 &#8222;G\u00f3r\u0119 Grosza&#8221; mog\u0105 przyczyni\u0107 si\u0119 do poprawy losu dzieci, kt\u00f3re nie z w\u0142asnych przyczyn zosta\u0142y odseparowane od domu rodzinnego, od swoich najbli\u017cszych. Wi\u0119cej informacji na temat akcji znajdziecie pa\u0144stwo na stronie internetowej\u00a0<u>www.towarzystwonaszdom.pl<\/u><\/span><\/p>\n<p style=\"text-align: center\"><span style=\"color: #000000;font-size: 14pt\">\u00a0<strong>XVII edycja akcji \u201eG\u00f3ra Grosza\u201d zako\u0144czy\u0142a si\u0119 w naszym przedszkolu<\/strong><\/span><\/p>\n<p style=\"text-align: center\"><span style=\"color: #000000\"><span style=\"font-size: 14pt\"><strong>zbi\u00f3rk\u0105 kwoty <\/strong><\/span><span style=\"font-size: 18pt\"><strong><u>417<\/u><\/strong><strong><u> z\u0142 40 gr<\/u><\/strong><\/span><\/span><\/p>\n<p style=\"text-align: center\"><span style=\"color: #000000\">\u00a0Ka\u017cda grupa stara\u0142a si\u0119 jak najszybciej zape\u0142ni\u0107 sw\u00f3j pojemnik.<\/span><\/p>\n<p style=\"text-align: center\"><span style=\"color: #000000\">Poni\u017cej przedstawiamy wyniki ka\u017cdej grupy.<\/span><\/p>\n<p style=\"text-align: center\"><span style=\"color: #000000;font-size: 14pt\">Grupa 1 \u2013 41\u00a0z\u0142 13 gr<\/span><\/p>\n<p style=\"text-align: center\"><span style=\"color: #000000;font-size: 14pt\">Grupa 2\u2013\u00a082 z\u0142 25 gr<\/span><\/p>\n<p style=\"text-align: center\"><span style=\"color: #000000;font-size: 14pt\">Grupa 3 \u2013 53 z\u0142 19 gr<\/span><\/p>\n<p style=\"text-align: center\"><span style=\"color: #000000;font-size: 14pt\">Grupa 4 \u2013 41 z\u0142 11 gr<\/span><\/p>\n<p style=\"text-align: center\"><span style=\"color: #000000;font-size: 14pt\">Grupa 5 \u2013 45 z\u0142 16 gr<\/span><\/p>\n<p style=\"text-align: center\"><span style=\"color: #000000;font-size: 14pt\">Grupa 6 \u2013 73 z\u0142 93 gr<\/span><\/p>\n<p style=\"text-align: center\"><span style=\"color: #000000;font-size: 14pt\">Grupa 7 \u2013 48 z\u0142 16 gr<\/span><\/p>\n<p style=\"text-align: center\"><span style=\"color: #000000;font-size: 14pt\">Grupa 8 \u2013 32 z\u0142 47 gr<\/span><\/p>\n<p style=\"text-align: center\"><span style=\"color: #000000\"><strong><em>Serdecznie dzi\u0119kujemy wszystkim dzieciom i ich rodzicom za okazane serce.<\/em><\/strong><\/span><\/p>\n<p style=\"text-align: center\"><span style=\"color: #000000\"><strong><em>\u201e<\/em><\/strong><em>Jeden grosz to niewiele,<\/em><\/span><\/p>\n<p style=\"text-align: center\"><span style=\"color: #000000\"><em>ale <strong>G\u00d3RA GROSZA<\/strong> jest jedyna w swoim rodzaju i pomaga tak wielu<strong>\u201d!<\/strong><\/em><\/span><\/p>\n<p style=\"text-align: center\"><span style=\"color: #000000\"><strong><em>Dzi\u0119kujemy<\/em><\/strong><\/span><\/p>\n","protected":false},"excerpt":{"rendered":"<p>Podsumowanie akcji &#8222;G\u00f3ra Grosza&#8221; XVII EDYCJA AKCJI G\u00d3RA GROSZA \u00a0Nasze przedszkole po raz pierwszy przy\u0142\u0105czy\u0142o si\u0119 do akcji &#8222;G\u00f3ra Grosza&#8221; . W czasie akcji\u00a0na prze\u0142omie grudnia i stycznia mo\u017cna by\u0142o [&hellip;]<\/p>\n","protected":false},"author":77,"featured_media":632,"comment_status":"open","ping_status":"open","sticky":false,"template":"","format":"standard","meta":{"footnotes":""},"categories":[3],"tags":[],"class_list":["post-637","post","type-post","status-publish","format-standard","has-post-thumbnail","hentry","category-aktualnosci","clearfix"],"_links":{"self":[{"href":"https:\/\/przedszkole23.edu.wroclaw.pl\/index.php\/wp-json\/wp\/v2\/posts\/637","targetHints":{"allow":["GET"]}}],"collection":[{"href":"https:\/\/przedszkole23.edu.wroclaw.pl\/index.php\/wp-json\/wp\/v2\/posts"}],"about":[{"href":"https:\/\/przedszkole23.edu.wroclaw.pl\/index.php\/wp-json\/wp\/v2\/types\/post"}],"author":[{"embeddable":true,"href":"https:\/\/przedszkole23.edu.wroclaw.pl\/index.php\/wp-json\/wp\/v2\/users\/77"}],"replies":[{"embeddable":true,"href":"https:\/\/przedszkole23.edu.wroclaw.pl\/index.php\/wp-json\/wp\/v2\/comments?post=637"}],"version-history":[{"count":2,"href":"https:\/\/przedszkole23.edu.wroclaw.pl\/index.php\/wp-json\/wp\/v2\/posts\/637\/revisions"}],"predecessor-version":[{"id":639,"href":"https:\/\/przedszkole23.edu.wroclaw.pl\/index.php\/wp-json\/wp\/v2\/posts\/637\/revisions\/639"}],"wp:featuredmedia":[{"embeddable":true,"href":"https:\/\/przedszkole23.edu.wroclaw.pl\/index.php\/wp-json\/wp\/v2\/media\/632"}],"wp:attachment":[{"href":"https:\/\/przedszkole23.edu.wroclaw.pl\/index.php\/wp-json\/wp\/v2\/media?parent=637"}],"wp:term":[{"taxonomy":"category","embeddable":true,"href":"https:\/\/przedszkole23.edu.wroclaw.pl\/index.php\/wp-json\/wp\/v2\/categories?post=637"},{"taxonomy":"post_tag","embeddable":true,"href":"https:\/\/przedszkole23.edu.wroclaw.pl\/index.php\/wp-json\/wp\/v2\/tags?post=637"}],"curies":[{"name":"wp","href":"https:\/\/api.w.org\/{rel}","templated":true}]}}