
{"id":650,"date":"2018-03-03T01:35:29","date_gmt":"2018-03-03T00:35:29","guid":{"rendered":"https:\/\/przedszkole23.edu.wroclaw.pl\/?p=650"},"modified":"2018-03-12T01:39:39","modified_gmt":"2018-03-12T00:39:39","slug":"wydarzenia-marzec-2018","status":"publish","type":"post","link":"https:\/\/przedszkole23.edu.wroclaw.pl\/index.php\/2018\/03\/03\/wydarzenia-marzec-2018\/","title":{"rendered":"Wydarzenia marzec 2018"},"content":{"rendered":"<p style=\"text-align: center\"><span style=\"color: #ff0000\"><strong><span style=\"font-size: 14pt\"><em>WYDARZENIA W NASZYM PRZEDSZKOLU<\/em><\/span><\/strong><\/span><\/p>\n<p style=\"text-align: center\"><span style=\"color: #ff0000\"><strong><span style=\"font-size: 14pt\"><em>MARZEC 2018<\/em><\/span><\/strong><\/span><\/p>\n<table style=\"border-color: #000000\" border=\"1\">\n<tbody>\n<tr>\n<td style=\"border-color: #000000;text-align: center\" width=\"196\"><span style=\"color: #000000\"><strong><em>Termin<\/em><\/strong><\/span><\/td>\n<td style=\"border-color: #000000;text-align: center\" width=\"539\"><span style=\"color: #000000\"><strong><em>Rodzaj<\/em><\/strong><\/span><\/td>\n<td style=\"border-color: #000000;text-align: center\" width=\"284\"><span style=\"color: #000000\"><strong><em>Op\u0142aty<\/em><\/strong><\/span><\/td>\n<\/tr>\n<tr>\n<td style=\"border-color: #000000;text-align: center\" width=\"196\"><span style=\"color: #000000\"><em>14.03.2018 r.<\/em><\/span><\/p>\n<p><span style=\"color: #000000\"><em>\u015broda<\/em><\/span><\/td>\n<td style=\"border-color: #000000;text-align: center\" width=\"539\"><span style=\"color: #000000\"><strong><em>Koncert muzyczny <\/em><\/strong><\/span><\/p>\n<p><span style=\"color: #000000\"><strong><em>\u201eCymba\u0142y ukulele i drewniane \u0142y\u017cki\u201d<\/em><\/strong><\/span><\/td>\n<td style=\"border-color: #000000;text-align: center\" width=\"284\"><span style=\"color: #000000\"><em>Z funduszu <\/em><\/span><\/p>\n<p><span style=\"color: #000000\"><em>Rady Rodzic\u00f3w<\/em><\/span><\/td>\n<\/tr>\n<tr>\n<td style=\"border-color: #000000;text-align: center\" width=\"196\"><span style=\"color: #000000\"><em>19-23.03.2018 r.<\/em><\/span><\/td>\n<td style=\"border-color: #000000;text-align: center\" width=\"539\"><span style=\"color: #000000\"><strong>\u201eGdy za\u015bpiewamy \u2013 rado\u015b\u0107 wiosenn\u0105 Wam damy\u201d- <\/strong>przedszkolny przegl\u0105d piosenki dla Pani Wiosny<\/span><\/td>\n<td style=\"border-color: #000000;text-align: center\" width=\"284\"><span style=\"color: #000000\"><em>W ramach planu pracy<\/em><\/span><\/p>\n<p><span style=\"color: #000000\"><em>przedszkola<\/em><\/span><\/td>\n<\/tr>\n<tr>\n<td style=\"border-color: #000000;text-align: center\" width=\"196\"><span style=\"color: #000000\"><em>20.03.2018 r.<\/em><\/span><\/p>\n<p><span style=\"color: #000000\"><em>wtorek<\/em><\/span><\/td>\n<td style=\"border-color: #000000;text-align: center\" width=\"539\"><span style=\"color: #000000\"><strong><em>Wyjazd do Teatru \u2013 SCENA BIELANY<\/em><\/strong><\/span><\/p>\n<p><span style=\"color: #000000\"><strong><em>Spektakl pt. \u201eBajka o przyja\u017ani\u201d<\/em><\/strong><\/span><\/td>\n<td style=\"border-color: #000000;text-align: center\" width=\"284\"><span style=\"color: #000000\"><em>W ramach projektu <\/em><\/span><\/p>\n<p><span style=\"color: #000000\"><em>\u201eSzko\u0142a w mie\u015bcie\u201d<\/em><\/span><\/td>\n<\/tr>\n<tr>\n<td style=\"border-color: #000000;text-align: center\" width=\"196\"><span style=\"color: #000000\"><em>16.03.2018 r.<\/em><\/span><\/p>\n<p><span style=\"color: #000000\"><em>pi\u0105tek<\/em><\/span><\/td>\n<td style=\"border-color: #000000;text-align: center\" width=\"539\"><span style=\"color: #000000\"><strong><em>Nauka to te\u017c sztuka: &#8211; \u201eRaz i dwa, licz\u0119 ja!\u201d\u201d<\/em><\/strong><\/span><\/p>\n<p><span style=\"color: #000000\"><strong><em>&#8211; projekt matematyczny.<\/em><\/strong><\/span><\/td>\n<td style=\"border-color: #000000;text-align: center\" width=\"284\"><span style=\"color: #000000\"><em>W ramach planu pracy<\/em><\/span><\/p>\n<p><span style=\"color: #000000\"><em>przedszkola<\/em><\/span><\/td>\n<\/tr>\n<tr>\n<td style=\"border-color: #000000;text-align: center\" width=\"196\"><span style=\"color: #000000\"><em>28.03.2018 r.<\/em><\/span><\/p>\n<p><span style=\"color: #000000\"><em>\u015broda<\/em><\/span><\/td>\n<td style=\"border-color: #000000;text-align: center\" width=\"539\"><span style=\"color: #000000\"><strong><em>Teatrzyk Kropa &#8211; \u201eMi\u0119dzy nami- planetami\u201d<\/em><\/strong><\/span><\/td>\n<td style=\"border-color: #000000;text-align: center\" width=\"284\"><span style=\"color: #000000\"><em>Z funduszu <\/em><\/span><\/p>\n<p><span style=\"color: #000000\"><em>Rady Rodzic\u00f3w<\/em><\/span><\/td>\n<\/tr>\n<tr>\n<td style=\"border-color: #000000;text-align: center\" width=\"196\"><span style=\"color: #000000\"><em>12-23.03.2018 r.<\/em><\/span><\/td>\n<td style=\"border-color: #000000;text-align: center\" width=\"539\"><span style=\"color: #000000\"><strong><em>\u201eJeste\u015bmy artystami \u2013 tw\u00f3rzcie razem z nami\u201d<\/em><\/strong><\/span><\/p>\n<p><span style=\"color: #000000\"><strong><em>&#8211; konkurs plastyczny dla dzieci i rodzic\u00f3w<\/em><\/strong><\/span><\/p>\n<p><span style=\"color: #000000\"><strong><em> \u201eWielkanocna kartka \u015bwi\u0105teczna\u201d<\/em><\/strong><\/span><\/td>\n<td style=\"border-color: #000000;text-align: center\" width=\"284\"><span style=\"color: #000000\"><em>W ramach planu pracy<\/em><\/span><\/p>\n<p><span style=\"color: #000000\"><em>przedszkola<\/em><\/span><\/td>\n<\/tr>\n<\/tbody>\n<\/table>\n<p><em>\u00a0<\/em><\/p>\n","protected":false},"excerpt":{"rendered":"<p>WYDARZENIA W NASZYM PRZEDSZKOLU MARZEC 2018 Termin Rodzaj Op\u0142aty 14.03.2018 r. \u015broda Koncert muzyczny \u201eCymba\u0142y ukulele i drewniane \u0142y\u017cki\u201d Z funduszu Rady Rodzic\u00f3w 19-23.03.2018 r. \u201eGdy za\u015bpiewamy \u2013 rado\u015b\u0107 wiosenn\u0105 [&hellip;]<\/p>\n","protected":false},"author":77,"featured_media":649,"comment_status":"open","ping_status":"open","sticky":false,"template":"","format":"standard","meta":{"footnotes":""},"categories":[3],"tags":[],"class_list":["post-650","post","type-post","status-publish","format-standard","has-post-thumbnail","hentry","category-aktualnosci","clearfix"],"_links":{"self":[{"href":"https:\/\/przedszkole23.edu.wroclaw.pl\/index.php\/wp-json\/wp\/v2\/posts\/650","targetHints":{"allow":["GET"]}}],"collection":[{"href":"https:\/\/przedszkole23.edu.wroclaw.pl\/index.php\/wp-json\/wp\/v2\/posts"}],"about":[{"href":"https:\/\/przedszkole23.edu.wroclaw.pl\/index.php\/wp-json\/wp\/v2\/types\/post"}],"author":[{"embeddable":true,"href":"https:\/\/przedszkole23.edu.wroclaw.pl\/index.php\/wp-json\/wp\/v2\/users\/77"}],"replies":[{"embeddable":true,"href":"https:\/\/przedszkole23.edu.wroclaw.pl\/index.php\/wp-json\/wp\/v2\/comments?post=650"}],"version-history":[{"count":4,"href":"https:\/\/przedszkole23.edu.wroclaw.pl\/index.php\/wp-json\/wp\/v2\/posts\/650\/revisions"}],"predecessor-version":[{"id":653,"href":"https:\/\/przedszkole23.edu.wroclaw.pl\/index.php\/wp-json\/wp\/v2\/posts\/650\/revisions\/653"}],"wp:featuredmedia":[{"embeddable":true,"href":"https:\/\/przedszkole23.edu.wroclaw.pl\/index.php\/wp-json\/wp\/v2\/media\/649"}],"wp:attachment":[{"href":"https:\/\/przedszkole23.edu.wroclaw.pl\/index.php\/wp-json\/wp\/v2\/media?parent=650"}],"wp:term":[{"taxonomy":"category","embeddable":true,"href":"https:\/\/przedszkole23.edu.wroclaw.pl\/index.php\/wp-json\/wp\/v2\/categories?post=650"},{"taxonomy":"post_tag","embeddable":true,"href":"https:\/\/przedszkole23.edu.wroclaw.pl\/index.php\/wp-json\/wp\/v2\/tags?post=650"}],"curies":[{"name":"wp","href":"https:\/\/api.w.org\/{rel}","templated":true}]}}