
{"id":6733,"date":"2025-02-28T14:29:49","date_gmt":"2025-02-28T13:29:49","guid":{"rendered":"https:\/\/przedszkole23.edu.wroclaw.pl\/?p=6733"},"modified":"2025-02-28T14:31:08","modified_gmt":"2025-02-28T13:31:08","slug":"zajecia-otwarte-dla-rodzicow-dzieci-z-poszczegolnych-grup-przedszkolnych-marzec-2025","status":"publish","type":"post","link":"https:\/\/przedszkole23.edu.wroclaw.pl\/index.php\/2025\/02\/28\/zajecia-otwarte-dla-rodzicow-dzieci-z-poszczegolnych-grup-przedszkolnych-marzec-2025\/","title":{"rendered":"Zaj\u0119cia otwarte dla rodzic\u00f3w dzieci z poszczeg\u00f3lnych grup przedszkolnych &#8211; marzec 2025."},"content":{"rendered":"<p><span style=\"font-size: 18pt\">Serdecznie zapraszamy Rodzic\u00f3w na zaj\u0119cia otwarte w poszczeg\u00f3lnych grupach przedszkolnych.<\/span><\/p>\n<p><span style=\"font-size: 18pt\">Harmonogram zaj\u0119\u0107 znajduje si\u0119 poni\u017cej.<\/span><\/p>\n<p><span style=\"font-size: 18pt\"><a href=\"https:\/\/przedszkole23.edu.wroclaw.pl\/wp-content\/uploads\/sites\/32\/2025\/02\/HARMONOGRAM-ZAJEC-OTWARTYCH-DLA-GRUP-MARZEC-2025-.pdf\">HARMONOGRAM ZAJ\u0118\u0106 OTWARTYCH DLA GRUP MARZEC 2025<\/a><\/span><\/p>\n","protected":false},"excerpt":{"rendered":"<p>Serdecznie zapraszamy Rodzic\u00f3w na zaj\u0119cia otwarte w poszczeg\u00f3lnych grupach przedszkolnych. Harmonogram zaj\u0119\u0107 znajduje si\u0119 poni\u017cej. HARMONOGRAM ZAJ\u0118\u0106 OTWARTYCH DLA GRUP MARZEC 2025<\/p>\n","protected":false},"author":69,"featured_media":3699,"comment_status":"closed","ping_status":"closed","sticky":false,"template":"","format":"standard","meta":{"footnotes":""},"categories":[3],"tags":[],"class_list":["post-6733","post","type-post","status-publish","format-standard","has-post-thumbnail","hentry","category-aktualnosci","clearfix"],"_links":{"self":[{"href":"https:\/\/przedszkole23.edu.wroclaw.pl\/index.php\/wp-json\/wp\/v2\/posts\/6733","targetHints":{"allow":["GET"]}}],"collection":[{"href":"https:\/\/przedszkole23.edu.wroclaw.pl\/index.php\/wp-json\/wp\/v2\/posts"}],"about":[{"href":"https:\/\/przedszkole23.edu.wroclaw.pl\/index.php\/wp-json\/wp\/v2\/types\/post"}],"author":[{"embeddable":true,"href":"https:\/\/przedszkole23.edu.wroclaw.pl\/index.php\/wp-json\/wp\/v2\/users\/69"}],"replies":[{"embeddable":true,"href":"https:\/\/przedszkole23.edu.wroclaw.pl\/index.php\/wp-json\/wp\/v2\/comments?post=6733"}],"version-history":[{"count":2,"href":"https:\/\/przedszkole23.edu.wroclaw.pl\/index.php\/wp-json\/wp\/v2\/posts\/6733\/revisions"}],"predecessor-version":[{"id":6735,"href":"https:\/\/przedszkole23.edu.wroclaw.pl\/index.php\/wp-json\/wp\/v2\/posts\/6733\/revisions\/6735"}],"wp:featuredmedia":[{"embeddable":true,"href":"https:\/\/przedszkole23.edu.wroclaw.pl\/index.php\/wp-json\/wp\/v2\/media\/3699"}],"wp:attachment":[{"href":"https:\/\/przedszkole23.edu.wroclaw.pl\/index.php\/wp-json\/wp\/v2\/media?parent=6733"}],"wp:term":[{"taxonomy":"category","embeddable":true,"href":"https:\/\/przedszkole23.edu.wroclaw.pl\/index.php\/wp-json\/wp\/v2\/categories?post=6733"},{"taxonomy":"post_tag","embeddable":true,"href":"https:\/\/przedszkole23.edu.wroclaw.pl\/index.php\/wp-json\/wp\/v2\/tags?post=6733"}],"curies":[{"name":"wp","href":"https:\/\/api.w.org\/{rel}","templated":true}]}}