
{"id":6748,"date":"2025-03-05T12:15:58","date_gmt":"2025-03-05T11:15:58","guid":{"rendered":"https:\/\/przedszkole23.edu.wroclaw.pl\/?p=6748"},"modified":"2025-03-05T13:41:48","modified_gmt":"2025-03-05T12:41:48","slug":"edukacja-w-ruchu-mamy-ambasadora","status":"publish","type":"post","link":"https:\/\/przedszkole23.edu.wroclaw.pl\/index.php\/2025\/03\/05\/edukacja-w-ruchu-mamy-ambasadora\/","title":{"rendered":"&#8222;Edukacja w Ruchu&#8221;!- Mamy ambasadora!"},"content":{"rendered":"<p><span style=\"font-size: 14pt\">Wspania\u0142e wie\u015bci z projektu &#8222;Edukacja w ruchu&#8221;!<\/span><\/p>\n<p><span style=\"font-size: 14pt\">Z dum\u0105 i rado\u015bci\u0105 og\u0142aszamy, \u017ce spo\u015br\u00f3d 100 grup bior\u0105cych udzia\u0142 w projekcie wybrano zaledwie 10 nauczycieli, kt\u00f3rzy zostali ambasadorami metody mini-EDUball. W tym wyj\u0105tkowym gronie znalaz\u0142a si\u0119 Pani Adrianna Pewniak- Borkowska i Aleksandra Wszo\u0142ek\u00a0 z\u00a0 naszej plac\u00f3wki!<\/span><\/p>\n<p><span style=\"font-size: 14pt\">Aby zdoby\u0107 ten tytu\u0142, nale\u017ca\u0142o wykaza\u0107 si\u0119 kreatywno\u015bci\u0105 i opracowa\u0107 innowacyjn\u0105 gr\u0119 edukacyjn\u0105 z wykorzystaniem pi\u0142ek mini-EDUball.<\/span><\/p>\n<p><span style=\"font-size: 14pt\">Pomys\u0142y Pa\u0144 zachwyci\u0142y organizator\u00f3w i zosta\u0142y uznane za jedne z najlepszych!<\/span><\/p>\n<p><span style=\"font-size: 14pt\">Serdecznie gratulujemy i \u017cyczymy dalszych sukces\u00f3w w pracy\u00a0 z naszymi przedszkolakami!<\/span><\/p>\n<p><span style=\"font-size: 14pt\">#edukacjawruchu #edukacjawruchuWroclaw #PhysicallyActiveLearning<\/span><br \/>\n<span style=\"font-size: 14pt\">@FundacjaV4Sport<\/span><br \/>\n<span style=\"font-size: 14pt\">@awf.wroc<\/span><br \/>\n<span style=\"font-size: 14pt\">@AkademiaKrokietaiLamy<\/span><br \/>\n<span style=\"font-size: 14pt\">@wroclaw.wroclove<\/span><\/p>\n","protected":false},"excerpt":{"rendered":"<p>Wspania\u0142e wie\u015bci z projektu &#8222;Edukacja w ruchu&#8221;! Z dum\u0105 i rado\u015bci\u0105 og\u0142aszamy, \u017ce spo\u015br\u00f3d 100 grup bior\u0105cych udzia\u0142 w projekcie wybrano zaledwie 10 nauczycieli, kt\u00f3rzy zostali ambasadorami metody mini-EDUball. W [&hellip;]<\/p>\n","protected":false},"author":69,"featured_media":6749,"comment_status":"closed","ping_status":"closed","sticky":false,"template":"","format":"standard","meta":{"footnotes":""},"categories":[3],"tags":[],"class_list":["post-6748","post","type-post","status-publish","format-standard","has-post-thumbnail","hentry","category-aktualnosci","clearfix"],"_links":{"self":[{"href":"https:\/\/przedszkole23.edu.wroclaw.pl\/index.php\/wp-json\/wp\/v2\/posts\/6748","targetHints":{"allow":["GET"]}}],"collection":[{"href":"https:\/\/przedszkole23.edu.wroclaw.pl\/index.php\/wp-json\/wp\/v2\/posts"}],"about":[{"href":"https:\/\/przedszkole23.edu.wroclaw.pl\/index.php\/wp-json\/wp\/v2\/types\/post"}],"author":[{"embeddable":true,"href":"https:\/\/przedszkole23.edu.wroclaw.pl\/index.php\/wp-json\/wp\/v2\/users\/69"}],"replies":[{"embeddable":true,"href":"https:\/\/przedszkole23.edu.wroclaw.pl\/index.php\/wp-json\/wp\/v2\/comments?post=6748"}],"version-history":[{"count":2,"href":"https:\/\/przedszkole23.edu.wroclaw.pl\/index.php\/wp-json\/wp\/v2\/posts\/6748\/revisions"}],"predecessor-version":[{"id":6751,"href":"https:\/\/przedszkole23.edu.wroclaw.pl\/index.php\/wp-json\/wp\/v2\/posts\/6748\/revisions\/6751"}],"wp:featuredmedia":[{"embeddable":true,"href":"https:\/\/przedszkole23.edu.wroclaw.pl\/index.php\/wp-json\/wp\/v2\/media\/6749"}],"wp:attachment":[{"href":"https:\/\/przedszkole23.edu.wroclaw.pl\/index.php\/wp-json\/wp\/v2\/media?parent=6748"}],"wp:term":[{"taxonomy":"category","embeddable":true,"href":"https:\/\/przedszkole23.edu.wroclaw.pl\/index.php\/wp-json\/wp\/v2\/categories?post=6748"},{"taxonomy":"post_tag","embeddable":true,"href":"https:\/\/przedszkole23.edu.wroclaw.pl\/index.php\/wp-json\/wp\/v2\/tags?post=6748"}],"curies":[{"name":"wp","href":"https:\/\/api.w.org\/{rel}","templated":true}]}}