
{"id":6789,"date":"2025-03-25T10:01:08","date_gmt":"2025-03-25T09:01:08","guid":{"rendered":"https:\/\/przedszkole23.edu.wroclaw.pl\/?p=6789"},"modified":"2025-03-25T10:01:57","modified_gmt":"2025-03-25T09:01:57","slug":"edukacja-w-ruchu-wyzwanie-2","status":"publish","type":"post","link":"https:\/\/przedszkole23.edu.wroclaw.pl\/index.php\/2025\/03\/25\/edukacja-w-ruchu-wyzwanie-2\/","title":{"rendered":"&#8222;Edukacja w ruchu&#8221; &#8211; wyzwanie #2"},"content":{"rendered":"<div class=\"x_elementToProof\">Kolejne wyzwanie w ramach projektu &#8222;<i>Edukacja w ruchu&#8221;<\/i>\u00a0za nami! Tym razem wcielili\u015bmy si\u0119 w superbohater\u00f3w\u00a0i odkrywali\u015bmy swoje wyj\u0105tkowe moce!<\/div>\n<div class=\"x_elementToProof\">\u00a0By\u0142o mn\u00f3stwo kreatywnej zabawy, ruchu i emocji \u2013 a wyb\u00f3r supermocy okaza\u0142 si\u0119 naprawd\u0119 trudnym zadaniem!<\/div>\n<div class=\"x_elementToProof\">A gdyby\u015bcie mogli wybra\u0107 tylko jedn\u0105\u2026 Sterowanie czasem czy kontrolowanie pogody?\u00a0 Kt\u00f3ra supermoc bardziej by si\u0119 Wam przyda\u0142a?<\/div>\n<div class=\"x_elementToProof\">Takie i inne ciekawe rozterki realizujemy\u00a0r\u00f3wnie\u017c\u00a0dzi\u0119ki materia\u0142om Akademii Krokieta i Lamy &#x1f60a; Nauka staje si\u0119 dla dzieci naturaln\u0105 zabaw\u0105 \u2013 nawet nie zauwa\u017caj\u0105, jak wiele si\u0119 ucz\u0105! Na platformie czeka mn\u00f3stwo inspiruj\u0105cych film\u00f3w \u2013\u00a0w tym miesi\u0105cu pomog\u0142y nam przywita\u0107 Pani\u0105 Wiosn\u0119 oraz \u015bwi\u0119towa\u0107 Dzie\u0144 Matematyki!<\/div>\n<div class=\"x_elementToProof\"><\/div>\n<div class=\"x_elementToProof\">#edukacjawruchu #edukacjawruchuWroclaw #PhysicallyActiveLearning<br \/>\n@FundacjaV4Sport<br \/>\n@awf.wroc<br \/>\n@AkademiaKrokietaiLamy<br \/>\n@wroclaw.wroclove<\/div>\n","protected":false},"excerpt":{"rendered":"<p>Kolejne wyzwanie w ramach projektu &#8222;Edukacja w ruchu&#8221;\u00a0za nami! Tym razem wcielili\u015bmy si\u0119 w superbohater\u00f3w\u00a0i odkrywali\u015bmy swoje wyj\u0105tkowe moce! \u00a0By\u0142o mn\u00f3stwo kreatywnej zabawy, ruchu i emocji \u2013 a wyb\u00f3r supermocy [&hellip;]<\/p>\n","protected":false},"author":69,"featured_media":6788,"comment_status":"closed","ping_status":"closed","sticky":false,"template":"","format":"standard","meta":{"footnotes":""},"categories":[3],"tags":[],"class_list":["post-6789","post","type-post","status-publish","format-standard","has-post-thumbnail","hentry","category-aktualnosci","clearfix"],"_links":{"self":[{"href":"https:\/\/przedszkole23.edu.wroclaw.pl\/index.php\/wp-json\/wp\/v2\/posts\/6789","targetHints":{"allow":["GET"]}}],"collection":[{"href":"https:\/\/przedszkole23.edu.wroclaw.pl\/index.php\/wp-json\/wp\/v2\/posts"}],"about":[{"href":"https:\/\/przedszkole23.edu.wroclaw.pl\/index.php\/wp-json\/wp\/v2\/types\/post"}],"author":[{"embeddable":true,"href":"https:\/\/przedszkole23.edu.wroclaw.pl\/index.php\/wp-json\/wp\/v2\/users\/69"}],"replies":[{"embeddable":true,"href":"https:\/\/przedszkole23.edu.wroclaw.pl\/index.php\/wp-json\/wp\/v2\/comments?post=6789"}],"version-history":[{"count":1,"href":"https:\/\/przedszkole23.edu.wroclaw.pl\/index.php\/wp-json\/wp\/v2\/posts\/6789\/revisions"}],"predecessor-version":[{"id":6790,"href":"https:\/\/przedszkole23.edu.wroclaw.pl\/index.php\/wp-json\/wp\/v2\/posts\/6789\/revisions\/6790"}],"wp:featuredmedia":[{"embeddable":true,"href":"https:\/\/przedszkole23.edu.wroclaw.pl\/index.php\/wp-json\/wp\/v2\/media\/6788"}],"wp:attachment":[{"href":"https:\/\/przedszkole23.edu.wroclaw.pl\/index.php\/wp-json\/wp\/v2\/media?parent=6789"}],"wp:term":[{"taxonomy":"category","embeddable":true,"href":"https:\/\/przedszkole23.edu.wroclaw.pl\/index.php\/wp-json\/wp\/v2\/categories?post=6789"},{"taxonomy":"post_tag","embeddable":true,"href":"https:\/\/przedszkole23.edu.wroclaw.pl\/index.php\/wp-json\/wp\/v2\/tags?post=6789"}],"curies":[{"name":"wp","href":"https:\/\/api.w.org\/{rel}","templated":true}]}}