
{"id":71,"date":"2017-06-14T12:35:05","date_gmt":"2017-06-14T10:35:05","guid":{"rendered":"https:\/\/przedszkole23.edu.wroclaw.pl\/?p=71"},"modified":"2017-10-03T20:14:53","modified_gmt":"2017-10-03T18:14:53","slug":"kochane-dzieci","status":"publish","type":"post","link":"https:\/\/przedszkole23.edu.wroclaw.pl\/index.php\/2017\/06\/14\/kochane-dzieci\/","title":{"rendered":"Kochane dzieci!"},"content":{"rendered":"<p><strong>\u00a0<\/strong><strong>\u00a0\u00a0\u00a0\u00a0\u00a0\u00a0\u00a0\u00a0 Ko\u0144czy si\u0119 lato,\u00a0 jesie\u0144 zaczyna. Razem z jesieni\u0105 wszystkie dzieci du\u017ce i ma\u0142e wyruszaj\u0105 do nowej zabawy. Du\u017ce dzieci weso\u0142o biegn\u0105 do szko\u0142y, gdy tylko zadzwoni pierwszy dzwonek. Ma\u0142e dzieci przychodz\u0105 do przedszkola, aby bawi\u0107 si\u0119 i cieszy\u0107, \u017ce maj\u0105 tak du\u017co koleg\u00f3w i kole\u017canek. <\/strong><\/p>\n<p><strong>W tym roku zapraszamy Was do ca\u0142kiem nowego, \u015blicznego przedszkola. Czekaj\u0105 na Was klocki, misie i pi\u0119kne lalki, nowoczesne sale i inne fajne zabawki. <\/strong><\/p>\n<p><strong>\u00a0\u00a0\u00a0\u00a0\u00a0\u00a0\u00a0 Mi\u0142e panie opowiedz\u0105 wam wszystko o przedszkolu i zapoznaj\u0105 Was z kolegami i kole\u017cankami. B\u0119dziecie si\u0119 razem bawi\u0107 i poznawa\u0107 du\u017co nowych rzeczy. W przedszkolu mi\u0142o p\u0142ynie czas. Przyjd\u017acie koniecznie, a je\u015bli chcecie to zabierzcie ze sob\u0105 swoj\u0105, ulubion\u0105, przytulank\u0119.<\/strong><\/p>\n<p><strong>Czekamy na Was! <\/strong><\/p>\n<p><strong>\u00a0<\/strong><\/p>\n<p><strong>\u00a0<\/strong><\/p>\n<p><strong><em>Nauczyciele i pracownicy <\/em><\/strong><\/p>\n<p><strong><em>Przedszkola Nr 23<\/em><\/strong><\/p>\n<p><strong><em>we Wroc\u0142awiu<\/em><\/strong><\/p>\n","protected":false},"excerpt":{"rendered":"<p>\u00a0\u00a0\u00a0\u00a0\u00a0\u00a0\u00a0\u00a0\u00a0 Ko\u0144czy si\u0119 lato,\u00a0 jesie\u0144 zaczyna. Razem z jesieni\u0105 wszystkie dzieci du\u017ce i ma\u0142e wyruszaj\u0105 do nowej zabawy. Du\u017ce dzieci weso\u0142o biegn\u0105 do szko\u0142y, gdy tylko zadzwoni pierwszy dzwonek. Ma\u0142e [&hellip;]<\/p>\n","protected":false},"author":15,"featured_media":70,"comment_status":"open","ping_status":"open","sticky":false,"template":"","format":"standard","meta":{"footnotes":""},"categories":[3],"tags":[],"class_list":["post-71","post","type-post","status-publish","format-standard","has-post-thumbnail","hentry","category-aktualnosci","clearfix"],"_links":{"self":[{"href":"https:\/\/przedszkole23.edu.wroclaw.pl\/index.php\/wp-json\/wp\/v2\/posts\/71","targetHints":{"allow":["GET"]}}],"collection":[{"href":"https:\/\/przedszkole23.edu.wroclaw.pl\/index.php\/wp-json\/wp\/v2\/posts"}],"about":[{"href":"https:\/\/przedszkole23.edu.wroclaw.pl\/index.php\/wp-json\/wp\/v2\/types\/post"}],"author":[{"embeddable":true,"href":"https:\/\/przedszkole23.edu.wroclaw.pl\/index.php\/wp-json\/wp\/v2\/users\/15"}],"replies":[{"embeddable":true,"href":"https:\/\/przedszkole23.edu.wroclaw.pl\/index.php\/wp-json\/wp\/v2\/comments?post=71"}],"version-history":[{"count":2,"href":"https:\/\/przedszkole23.edu.wroclaw.pl\/index.php\/wp-json\/wp\/v2\/posts\/71\/revisions"}],"predecessor-version":[{"id":259,"href":"https:\/\/przedszkole23.edu.wroclaw.pl\/index.php\/wp-json\/wp\/v2\/posts\/71\/revisions\/259"}],"wp:featuredmedia":[{"embeddable":true,"href":"https:\/\/przedszkole23.edu.wroclaw.pl\/index.php\/wp-json\/wp\/v2\/media\/70"}],"wp:attachment":[{"href":"https:\/\/przedszkole23.edu.wroclaw.pl\/index.php\/wp-json\/wp\/v2\/media?parent=71"}],"wp:term":[{"taxonomy":"category","embeddable":true,"href":"https:\/\/przedszkole23.edu.wroclaw.pl\/index.php\/wp-json\/wp\/v2\/categories?post=71"},{"taxonomy":"post_tag","embeddable":true,"href":"https:\/\/przedszkole23.edu.wroclaw.pl\/index.php\/wp-json\/wp\/v2\/tags?post=71"}],"curies":[{"name":"wp","href":"https:\/\/api.w.org\/{rel}","templated":true}]}}