
{"id":851,"date":"2018-10-31T10:33:46","date_gmt":"2018-10-31T09:33:46","guid":{"rendered":"https:\/\/przedszkole23.edu.wroclaw.pl\/?p=851"},"modified":"2018-11-08T16:24:35","modified_gmt":"2018-11-08T15:24:35","slug":"wydarzenia-listopad-2018","status":"publish","type":"post","link":"https:\/\/przedszkole23.edu.wroclaw.pl\/index.php\/2018\/10\/31\/wydarzenia-listopad-2018\/","title":{"rendered":"Wydarzenia listopad 2018"},"content":{"rendered":"<p style=\"text-align: center\"><span style=\"color: #ff0000\"><strong><em>WYDARZENIA W NASZYM PRZEDSZKOLU<\/em><\/strong><\/span><\/p>\n<p style=\"text-align: center\"><span style=\"color: #ff0000\"><strong><em>LISTOPAD 2018<\/em><\/strong><\/span><\/p>\n<table style=\"border-color: #000000\" border=\"1\">\n<tbody>\n<tr>\n<td style=\"border-color: #000000;text-align: center\" width=\"159\"><span style=\"color: #000000\"><strong><em>Termin<\/em><\/strong><\/span><\/td>\n<td style=\"border-color: #000000;text-align: center\" width=\"432\"><span style=\"color: #000000\"><strong><em>Rodzaj<\/em><\/strong><\/span><\/td>\n<td style=\"border-color: #000000;text-align: center\" width=\"191\"><span style=\"color: #000000\"><strong><em>Grupa<\/em><\/strong><\/span><\/td>\n<td style=\"border-color: #000000;text-align: center\" width=\"244\"><span style=\"color: #000000\"><strong><em>Op\u0142aty<\/em><\/strong><\/span><\/td>\n<\/tr>\n<tr>\n<td style=\"border-color: #000000;background-color: #fca800;width: 1026px;text-align: center\" colspan=\"4\" width=\"1026\"><span style=\"color: #000000\"><strong><em>DZIA\u0141ANIA WE WSP\u00d3\u0141PRACY Z RODZICAMI<\/em><\/strong><\/span><\/td>\n<\/tr>\n<tr>\n<td style=\"border-color: #000000;text-align: center\" width=\"159\"><span style=\"color: #000000\"><em>15.11.2018 r.<\/em><\/span><\/p>\n<p><span style=\"color: #000000\"><em>czwartek<\/em><\/span><\/td>\n<td style=\"border-color: #000000;text-align: center\" width=\"432\"><span style=\"color: #000000\"><strong><em>Warsztaty pt. \u201eMuzyczne inspiracje \u201d<\/em><\/strong><\/span><\/td>\n<td style=\"border-color: #000000;text-align: center\" width=\"191\"><span style=\"color: #000000\"><em>wszystkie<\/em><\/span><\/td>\n<td style=\"border-color: #000000;text-align: center\" width=\"244\"><span style=\"color: #000000\"><em>Z funduszu<\/em><\/span><\/p>\n<p><span style=\"color: #000000\"><em>Rady Rodzic\u00f3w<\/em><\/span><\/td>\n<\/tr>\n<tr>\n<td style=\"border-color: #000000;text-align: center\" width=\"159\"><span style=\"color: #000000\"><em>21.11.2018 r.<\/em><\/span><\/p>\n<p><span style=\"color: #000000\"><em>\u015broda<\/em><\/span><\/td>\n<td style=\"border-color: #000000;text-align: center\" width=\"432\"><span style=\"color: #000000\"><strong><em>Koncert muzyczny<\/em><\/strong><\/span><\/p>\n<p><span style=\"color: #000000\"><strong><em>\u201eKto Ty jeste\u015b Polak ma\u0142y\u201d<\/em><\/strong><\/span><\/td>\n<td style=\"border-color: #000000;text-align: center\" width=\"191\"><span style=\"color: #000000\"><em>wszystkie<\/em><\/span><\/td>\n<td style=\"border-color: #000000;text-align: center\" width=\"244\"><span style=\"color: #000000\"><em>Z funduszu<\/em><\/span><\/p>\n<p><span style=\"color: #000000\"><em>Rady Rodzic\u00f3w<\/em><\/span><\/td>\n<\/tr>\n<tr>\n<td style=\"border-color: #000000;text-align: center\" width=\"159\"><span style=\"color: #000000\">22.11.2018<\/span><\/p>\n<p><span style=\"color: #000000\">czwartek<\/span><\/td>\n<td style=\"border-color: #000000;text-align: center\" width=\"432\"><span style=\"color: #000000\"><strong><em>Teatrzyk Kropa \u201eGitarowe opowie\u015bci cz.1<\/em><\/strong><\/span><\/p>\n<p><span style=\"color: #000000\"><strong><em> \u2013 od Hiszpanii po Dziki Zach\u00f3d\u201d<\/em><\/strong><\/span><\/td>\n<td style=\"border-color: #000000;text-align: center\" width=\"191\"><span style=\"color: #000000\"><em>wszystkie<\/em><\/span><\/td>\n<td style=\"border-color: #000000;text-align: center\" width=\"244\"><span style=\"color: #000000\"><em>Z funduszu<\/em><\/span><\/p>\n<p><span style=\"color: #000000\"><em>Rady Rodzic\u00f3w<\/em><\/span><\/td>\n<\/tr>\n<tr>\n<td style=\"border-color: #000000;text-align: center\" width=\"159\"><span style=\"color: #000000\"><em>22.11.2018 r.<\/em><\/span><\/p>\n<p><span style=\"color: #000000\"><em>czwartek<\/em><\/span><\/td>\n<td style=\"border-color: #000000;text-align: center\" width=\"432\"><span style=\"color: #000000\"><strong><em>Warsztaty pt. \u201eMuzyczne inspiracje \u201d<\/em><\/strong><\/span><\/td>\n<td style=\"border-color: #000000;text-align: center\" width=\"191\"><span style=\"color: #000000\"><em>wszystkie<\/em><\/span><\/td>\n<td style=\"border-color: #000000;text-align: center\" width=\"244\"><span style=\"color: #000000\"><em>Z funduszu<\/em><\/span><\/p>\n<p><span style=\"color: #000000\"><em>Rady Rodzic\u00f3w<\/em><\/span><\/td>\n<\/tr>\n<tr>\n<td style=\"border-color: #000000;text-align: center\" width=\"159\"><span style=\"color: #000000\"><em>29.11.2018 r.<\/em><\/span><\/p>\n<p><span style=\"color: #000000\"><em>czwartek<\/em><\/span><\/td>\n<td style=\"border-color: #000000;text-align: center\" width=\"432\"><span style=\"color: #000000\"><strong><em>Warsztaty pt. \u201eMuzyczne inspiracje \u201d<\/em><\/strong><\/span><\/td>\n<td style=\"border-color: #000000;text-align: center\" width=\"191\"><span style=\"color: #000000\"><em>wszystkie<\/em><\/span><\/td>\n<td style=\"border-color: #000000;text-align: center\" width=\"244\"><span style=\"color: #000000\"><em>Z funduszu<\/em><\/span><\/p>\n<p><span style=\"color: #000000\"><em>Rady Rodzic\u00f3w.<\/em><\/span><\/td>\n<\/tr>\n<tr>\n<td style=\"border-color: #000000;background-color: #fca800;width: 1026px;text-align: center\" colspan=\"4\" width=\"1026\"><span style=\"color: #000000\"><strong><em>DZIA\u0141ANIA EDUKACYJNE W PRZEDSZKOLU<\/em><\/strong><\/span><\/td>\n<\/tr>\n<tr>\n<td style=\"border-color: #000000;text-align: center\" width=\"159\"><span style=\"color: #000000\"><em>05-09.11.2018 r.<\/em><\/span><\/td>\n<td style=\"border-color: #000000;text-align: center\" width=\"432\"><span style=\"color: #000000\"><strong><em>\u201eMy mali patrioci\u201d \u2013 obchody stulecia odzyskania niepodleg\u0142o\u015bci przez Polsk\u0119<\/em><\/strong><\/span><\/p>\n<p>&nbsp;<\/td>\n<td style=\"border-color: #000000;text-align: center\" width=\"191\"><span style=\"color: #000000\"><em>wszystkie<\/em><\/span><\/td>\n<td style=\"border-color: #000000;text-align: center\" width=\"244\"><span style=\"color: #000000\"><em>W ramach planu pracy<\/em><\/span><\/p>\n<p><span style=\"color: #000000\"><em>przedszkola<\/em><\/span><\/p>\n<p>&nbsp;<\/td>\n<\/tr>\n<tr>\n<td style=\"border-color: #000000;text-align: center\" width=\"159\"><span style=\"color: #000000\"><em>09.11.2018 r.<\/em><\/span><\/p>\n<p><span style=\"color: #000000\"><em>pi\u0105tek<\/em><\/span><\/td>\n<td style=\"border-color: #000000;text-align: center\" width=\"432\"><span style=\"color: #000000\"><strong><em>Spotkanie z \u017co\u0142nierzami JW 1245<\/em><\/strong><\/span><\/td>\n<td style=\"border-color: #000000;text-align: center\" width=\"191\"><span style=\"color: #000000\"><em>wszystkie<\/em><\/span><\/td>\n<td style=\"border-color: #000000;text-align: center\" width=\"244\"><span style=\"color: #000000\"><em>W ramach wsp\u00f3\u0142pracy ze \u015brodowiskiem lokalnym<\/em><\/span><\/td>\n<\/tr>\n<tr>\n<td style=\"border-color: #000000;text-align: center\" width=\"159\"><span style=\"color: #000000\">09.11.2018 r.<\/span><\/p>\n<p><span style=\"color: #000000\"><em>pi\u0105tek<\/em><\/span><\/td>\n<td style=\"border-color: #000000;text-align: center\" width=\"432\"><span style=\"color: #000000\"><strong><em>Uroczysty Apel z okazji 100-lecia odzyskania niepodleg\u0142o\u015bci \u015bpiewanie Hymnu Pa\u0144stwowego <\/em><\/strong><\/span><\/td>\n<td style=\"border-color: #000000;text-align: center\" width=\"191\"><span style=\"color: #000000\"><em>wszystkie<\/em><\/span><\/td>\n<td style=\"border-color: #000000;text-align: center\" width=\"244\"><span style=\"color: #000000\"><em>Przyst\u0105pienie do akcji <\/em><\/span><\/p>\n<p><span style=\"color: #000000\"><em>w ramach projektu MEN<\/em><\/span><\/td>\n<\/tr>\n<tr>\n<td style=\"border-color: #000000;text-align: center\" width=\"159\"><span style=\"color: #000000\">14.11.2018 r.<\/span><\/p>\n<p><span style=\"color: #000000\">\u015broda<\/span><\/td>\n<td style=\"border-color: #000000;text-align: center\" width=\"432\"><span style=\"color: #000000\"><strong><em>Warsztaty Ekologiczne<\/em><\/strong><\/span><\/p>\n<p>&nbsp;<\/td>\n<td style=\"border-color: #000000;text-align: center\" width=\"191\"><span style=\"color: #000000\"><em>Podr\u00f3\u017cnicy, Sportowcy, Arty\u015bci<\/em><\/span><\/td>\n<td style=\"border-color: #000000;text-align: center\" rowspan=\"3\" width=\"244\"><span style=\"color: #000000\"><em>\u00a0<\/em><\/span><\/p>\n<p><span style=\"color: #000000\"><em>Warsztaty dofinansowane ze \u015brodk\u00f3w Wojew\u00f3dzkiego Funduszu Ochrony \u015arodowiska i Gospodarki Wodnej we Wroc\u0142awiu <\/em><\/span><\/td>\n<\/tr>\n<tr>\n<td style=\"border-color: #000000;text-align: center\" width=\"159\"><span style=\"color: #000000\">15.11.2018 r.<\/span><\/p>\n<p><span style=\"color: #000000\">czwartek<\/span><\/td>\n<td style=\"border-color: #000000;text-align: center\" width=\"432\"><span style=\"color: #000000\"><strong>Warsztaty Ekologiczne<\/strong><\/span><\/p>\n<p>&nbsp;<\/td>\n<td style=\"border-color: #000000;text-align: center\" width=\"191\"><span style=\"color: #000000\">Dzwoneczki, Tropiciele, S\u00f3wki<\/span><\/p>\n<p>&nbsp;<\/td>\n<\/tr>\n<tr>\n<td style=\"border-color: #000000;text-align: center\" width=\"159\"><span style=\"color: #000000\">16.11.2018 r.<\/span><\/p>\n<p><span style=\"color: #000000\">pi\u0105tek<\/span><\/td>\n<td style=\"border-color: #000000;text-align: center\" width=\"432\"><span style=\"color: #000000\"><strong><em>Warsztaty Ekologiczne<\/em><\/strong><\/span><\/p>\n<p>&nbsp;<\/td>\n<td style=\"border-color: #000000;text-align: center\" width=\"191\"><span style=\"color: #000000\"><em>Ta\u0144cz\u0105ce Iskierki, Mali Badacze, Kredki<\/em><\/span><\/td>\n<\/tr>\n<tr>\n<td style=\"border-color: #000000;background-color: #fca800;width: 1026px;text-align: center\" colspan=\"4\" width=\"1026\"><span style=\"color: #000000\"><strong><em>WYJ\u015aCIA POZA PRZEDSZKOLE<\/em><\/strong><\/span><\/td>\n<\/tr>\n<tr>\n<td style=\"border-color: #000000;text-align: center\" width=\"159\"><span style=\"color: #000000\"><em>06.11.2018 r.<\/em><\/span><\/p>\n<p><span style=\"color: #000000\"><em>wtorek<\/em><\/span><\/td>\n<td style=\"border-color: #000000;text-align: center\" width=\"432\"><span style=\"color: #000000\"><strong><em>Radosna Spartakiada- ZSP nr 16<\/em><\/strong><\/span><\/p>\n<p><span style=\"color: #000000\"><strong><em>ul. Wietrzna Wroc\u0142aw <\/em><\/strong><\/span><\/td>\n<td style=\"border-color: #000000;text-align: center\" width=\"191\"><span style=\"color: #000000\"><em>Arty\u015bci i S\u00f3wki<\/em><\/span><\/td>\n<td style=\"border-color: #000000;text-align: center\" width=\"244\"><span style=\"color: #000000\"><em>W ramach wsp\u00f3\u0142pracy <\/em><\/span><\/p>\n<p><span style=\"color: #000000\"><em>z Rad\u0105 Osiedla Krzyki-Partynice oraz ZSP 16<\/em><\/span><\/td>\n<\/tr>\n<tr>\n<td style=\"border-color: #000000;text-align: center\" width=\"159\"><span style=\"color: #000000\"><em>07.11.2018 r.<\/em><\/span><\/p>\n<p><span style=\"color: #000000\"><em>\u015broda<\/em><\/span><\/td>\n<td style=\"border-color: #000000;text-align: center\" width=\"432\"><span style=\"color: #000000\"><strong><em>Warsztaty Hala stulecia:<\/em><\/strong><\/span><\/p>\n<p><span style=\"color: #000000\"><strong><em>\u201eBajkowe miasto\u201d<\/em><\/strong><\/span><\/p>\n<p><span style=\"color: #000000\"><strong><em>\u201eZosta\u0144 architektem-od projektu do konstrukcji\u201d<\/em><\/strong><\/span><\/p>\n<p>&nbsp;<\/td>\n<td style=\"border-color: #000000;text-align: center\" width=\"191\"><span style=\"color: #000000\"><em>Arty\u015bci i Ta\u0144cz\u0105ce Iskierki<\/em><\/span><\/td>\n<td style=\"border-color: #000000;text-align: center\" width=\"244\"><span style=\"color: #000000\"><em>Projekt Centrum Poznawczego Hali Stulecia<\/em><\/span><\/p>\n<p><span style=\"color: #000000\"><em>&#8211; finansowane przez<\/em><\/span><\/p>\n<p><span style=\"color: #000000\"><em>Urz\u0105d Miasta<\/em><\/span><\/td>\n<\/tr>\n<tr>\n<td style=\"border-color: #000000;text-align: center\" width=\"159\"><span style=\"color: #000000\"><em>08.11.2018 r.<\/em><\/span><\/p>\n<p><span style=\"color: #000000\"><em>czwartek<\/em><\/span><\/td>\n<td style=\"border-color: #000000;text-align: center\" width=\"432\"><span style=\"color: #000000\"><strong><em>Obchody 100-lecia Odzyskania Niepodleg\u0142o\u015bci<\/em><\/strong><\/span><\/p>\n<p><span style=\"color: #000000\"><strong><em> \u2013 Polskie Radio <\/em><\/strong><\/span><\/p>\n<p>&nbsp;<\/td>\n<td style=\"border-color: #000000;text-align: center\" width=\"191\"><span style=\"color: #000000\"><em>Tropiciele <\/em><\/span><\/p>\n<p><span style=\"color: #000000\"><em>i Ta\u0144cz\u0105ce Iskierki<\/em><\/span><\/td>\n<td style=\"border-color: #000000;text-align: center\" width=\"244\"><span style=\"color: #000000\"><em>W ramach wsp\u00f3\u0142pracy\u00a0\u00a0\u00a0\u00a0\u00a0\u00a0\u00a0\u00a0\u00a0\u00a0\u00a0\u00a0\u00a0\u00a0 z Rad\u0105 Osiedla Krzyki-Partynice oraz ZSP 16,<\/em><\/span><\/p>\n<p><span style=\"color: #000000\"><em> SP 61, SP 64<\/em><\/span><\/td>\n<\/tr>\n<tr>\n<td style=\"border-color: #000000;text-align: center\" width=\"159\"><span style=\"color: #000000\"><em>16.11.2018 r.<\/em><\/span><\/p>\n<p><span style=\"color: #000000\"><em>pi\u0105tek<\/em><\/span><\/td>\n<td style=\"border-color: #000000;text-align: center\" width=\"432\"><span style=\"color: #000000\"><strong><em>Warsztaty Hala stulecia:<\/em><\/strong><\/span><\/p>\n<p><span style=\"color: #000000\"><strong><em>\u201eTajemnicze wynalazki\u201d \u201eSi\u0142acze\u201d<\/em><\/strong><\/span><\/p>\n<p>&nbsp;<\/td>\n<td style=\"border-color: #000000;text-align: center\" width=\"191\"><span style=\"color: #000000\"><em>Podr\u00f3\u017cnicy <\/em><\/span><\/p>\n<p><span style=\"color: #000000\"><em>i Sportowcy<\/em><\/span><\/td>\n<td style=\"border-color: #000000;text-align: center\" width=\"244\"><span style=\"color: #000000\"><em>Projekt Centrum Poznawczego Hali Stulecia<\/em><\/span><\/p>\n<p><span style=\"color: #000000\"><em>&#8211; finansowane przez<\/em><\/span><\/p>\n<p><span style=\"color: #000000\"><em>Urz\u0105d Miasta<\/em><\/span><\/td>\n<\/tr>\n<tr>\n<td style=\"border-color: #000000;text-align: center\" width=\"159\"><span style=\"color: #000000\"><em>28.11.2018 r.<\/em><\/span><\/p>\n<p><span style=\"color: #000000\"><em>\u015broda<\/em><\/span><\/td>\n<td style=\"border-color: #000000;text-align: center\" width=\"432\"><span style=\"color: #000000\"><strong><em>Teatr Polskie Radio \u2013 \u201eBrzechwolandia\u201d <\/em><\/strong><\/span><\/p>\n<p>&nbsp;<\/td>\n<td style=\"border-color: #000000;text-align: center\" width=\"191\"><span style=\"color: #000000\"><em>Sportowcy <\/em><\/span><\/p>\n<p><span style=\"color: #000000\"><em>i Tropiciele<\/em><\/span><\/td>\n<td style=\"border-color: #000000;text-align: center\" width=\"244\"><span style=\"color: #000000\"><em>W ramach projektu <\/em><\/span><\/p>\n<p><span style=\"color: #000000\"><em>Miasta Wroc\u0142awia<\/em><\/span><\/p>\n<p><span style=\"color: #000000\"><em>Szko\u0142a w Mie\u015bcie<\/em><\/span><\/td>\n<\/tr>\n<\/tbody>\n<\/table>\n<p><em>\u00a0<\/em><\/p>\n","protected":false},"excerpt":{"rendered":"<p>WYDARZENIA W NASZYM PRZEDSZKOLU LISTOPAD 2018 Termin Rodzaj Grupa Op\u0142aty DZIA\u0141ANIA WE WSP\u00d3\u0141PRACY Z RODZICAMI 15.11.2018 r. czwartek Warsztaty pt. \u201eMuzyczne inspiracje \u201d wszystkie Z funduszu Rady Rodzic\u00f3w 21.11.2018 r. [&hellip;]<\/p>\n","protected":false},"author":77,"featured_media":850,"comment_status":"open","ping_status":"open","sticky":false,"template":"","format":"standard","meta":{"footnotes":""},"categories":[3],"tags":[],"class_list":["post-851","post","type-post","status-publish","format-standard","has-post-thumbnail","hentry","category-aktualnosci","clearfix"],"_links":{"self":[{"href":"https:\/\/przedszkole23.edu.wroclaw.pl\/index.php\/wp-json\/wp\/v2\/posts\/851","targetHints":{"allow":["GET"]}}],"collection":[{"href":"https:\/\/przedszkole23.edu.wroclaw.pl\/index.php\/wp-json\/wp\/v2\/posts"}],"about":[{"href":"https:\/\/przedszkole23.edu.wroclaw.pl\/index.php\/wp-json\/wp\/v2\/types\/post"}],"author":[{"embeddable":true,"href":"https:\/\/przedszkole23.edu.wroclaw.pl\/index.php\/wp-json\/wp\/v2\/users\/77"}],"replies":[{"embeddable":true,"href":"https:\/\/przedszkole23.edu.wroclaw.pl\/index.php\/wp-json\/wp\/v2\/comments?post=851"}],"version-history":[{"count":4,"href":"https:\/\/przedszkole23.edu.wroclaw.pl\/index.php\/wp-json\/wp\/v2\/posts\/851\/revisions"}],"predecessor-version":[{"id":868,"href":"https:\/\/przedszkole23.edu.wroclaw.pl\/index.php\/wp-json\/wp\/v2\/posts\/851\/revisions\/868"}],"wp:featuredmedia":[{"embeddable":true,"href":"https:\/\/przedszkole23.edu.wroclaw.pl\/index.php\/wp-json\/wp\/v2\/media\/850"}],"wp:attachment":[{"href":"https:\/\/przedszkole23.edu.wroclaw.pl\/index.php\/wp-json\/wp\/v2\/media?parent=851"}],"wp:term":[{"taxonomy":"category","embeddable":true,"href":"https:\/\/przedszkole23.edu.wroclaw.pl\/index.php\/wp-json\/wp\/v2\/categories?post=851"},{"taxonomy":"post_tag","embeddable":true,"href":"https:\/\/przedszkole23.edu.wroclaw.pl\/index.php\/wp-json\/wp\/v2\/tags?post=851"}],"curies":[{"name":"wp","href":"https:\/\/api.w.org\/{rel}","templated":true}]}}