
{"id":985,"date":"2019-02-03T20:27:28","date_gmt":"2019-02-03T19:27:28","guid":{"rendered":"https:\/\/przedszkole23.edu.wroclaw.pl\/?p=985"},"modified":"2019-02-17T23:18:58","modified_gmt":"2019-02-17T22:18:58","slug":"wydarzenia-luty-2019","status":"publish","type":"post","link":"https:\/\/przedszkole23.edu.wroclaw.pl\/index.php\/2019\/02\/03\/wydarzenia-luty-2019\/","title":{"rendered":"Wydarzenia luty 2019"},"content":{"rendered":"\n<p style=\"text-align: center\"><span style=\"color: #ff0000\"><strong><em>WYDARZENIA W NASZYM PRZEDSZKOLU<\/em><\/strong><\/span><\/p>\n<p style=\"text-align: center\"><span style=\"color: #ff0000\"><strong><em>LUTY 2019<\/em><\/strong><\/span><\/p>\n<table style=\"border-color: #000000\" border=\"1\">\n<tbody>\n<tr>\n<td style=\"border-color: #000000;text-align: center\" width=\"159\">\n<p><span style=\"color: #000000\"><strong><em>Termin<\/em><\/strong><\/span><\/p>\n<\/td>\n<td style=\"border-color: #000000;text-align: center\" width=\"430\">\n<p><span style=\"color: #000000\"><strong><em>Rodzaj<\/em><\/strong><\/span><\/p>\n<\/td>\n<td style=\"border-color: #000000;text-align: center\" width=\"253\">\n<p><span style=\"color: #000000\"><strong><em>Grupa<\/em><\/strong><\/span><\/p>\n<\/td>\n<td style=\"border-color: #000000;text-align: center\" width=\"185\">\n<p><span style=\"color: #000000\"><strong><em>Op\u0142aty<\/em><\/strong><\/span><\/p>\n<\/td>\n<\/tr>\n<tr>\n<td style=\"border-color: #000000;background-color: #fca800;width: 1026px;text-align: center\" colspan=\"4\" width=\"1026\">\n<p><span style=\"color: #000000\"><strong><em>DZIA\u0141ANIA WE WSP\u00d3\u0141PRACY Z RODZICAMI<\/em><\/strong><\/span><\/p>\n<\/td>\n<\/tr>\n<tr>\n<td style=\"border-color: #000000;text-align: center\" width=\"159\">\n<p><span style=\"color: #000000\"><em>23.01.2019<\/em><\/span><\/p>\n<p><span style=\"color: #000000\"><em>\u015broda<\/em><\/span><\/p>\n<\/td>\n<td style=\"border-color: #000000;text-align: center\" width=\"430\">\n<p><span style=\"color: #000000\"><strong><em>Koncert<\/em><\/strong><em> pt. \u201ePoznajemy instrumenty \u2013 parada strunowa\u201d<\/em><\/span><\/p>\n<\/td>\n<td style=\"border-color: #000000;text-align: center\" width=\"253\">\n<p><span style=\"color: #000000\"><em>Wszystkie grupy<\/em><\/span><\/p>\n<\/td>\n<td style=\"border-color: #000000;text-align: center\" width=\"185\">\n<p><span style=\"color: #000000\"><em>Z funduszu<\/em><\/span><\/p>\n<p><span style=\"color: #000000\"><em>Rady Rodzic\u00f3w<\/em><\/span><\/p>\n<\/td>\n<\/tr>\n<tr>\n<td style=\"border-color: #000000;text-align: center\" width=\"159\">\n<p><span style=\"color: #000000\"><em>14.02.2019 r.<\/em><\/span><\/p>\n<p><span style=\"color: #000000\"><em>czwartek<\/em><\/span><\/p>\n<\/td>\n<td style=\"border-color: #000000;text-align: center\" width=\"430\">\n<p><span style=\"color: #000000\"><em>Warsztaty pt. \u201eMuzyczne inspiracje \u201d<\/em><\/span><\/p>\n<\/td>\n<td style=\"border-color: #000000;text-align: center\" width=\"253\">\n<p><span style=\"color: #000000\"><em>Wszystkie grupy<\/em><\/span><\/p>\n<\/td>\n<td style=\"border-color: #000000;text-align: center\" width=\"185\">\n<p><span style=\"color: #000000\"><em>Z funduszu<\/em><\/span><\/p>\n<p><span style=\"color: #000000\"><em>Rady Rodzic\u00f3w<\/em><\/span><\/p>\n<\/td>\n<\/tr>\n<tr>\n<td style=\"border-color: #000000;text-align: center\" width=\"159\">\n<p><span style=\"color: #000000\"><em>21.02.2019 r.<\/em><\/span><\/p>\n<p><span style=\"color: #000000\"><em>czwartek<\/em><\/span><\/p>\n<\/td>\n<td style=\"border-color: #000000;text-align: center\" width=\"430\">\n<p><span style=\"color: #000000\"><em>Warsztaty pt. \u201eMuzyczne inspiracje \u201d<\/em><\/span><\/p>\n<\/td>\n<td style=\"border-color: #000000;text-align: center\" width=\"253\">\n<p><span style=\"color: #000000\"><em>Wszystkie grupy<\/em><\/span><\/p>\n<\/td>\n<td style=\"border-color: #000000;text-align: center\" width=\"185\">\n<p><span style=\"color: #000000\"><em>Z funduszu<\/em><\/span><\/p>\n<p><span style=\"color: #000000\"><em>Rady Rodzic\u00f3w<\/em><\/span><\/p>\n<\/td>\n<\/tr>\n<tr>\n<td style=\"border-color: #000000;text-align: center\" width=\"159\">\n<p><span style=\"color: #000000\"><em>28.02.2019 r.<\/em><\/span><\/p>\n<p><span style=\"color: #000000\"><em>czwartek<\/em><\/span><\/p>\n<\/td>\n<td style=\"border-color: #000000;text-align: center\" width=\"430\">\n<p><span style=\"color: #000000\"><em>Warsztaty pt. \u201eMuzyczne inspiracje \u201d<\/em><\/span><\/p>\n<\/td>\n<td style=\"border-color: #000000;text-align: center\" width=\"253\">\n<p><span style=\"color: #000000\"><em>Wszystkie grupy<\/em><\/span><\/p>\n<\/td>\n<td style=\"border-color: #000000;text-align: center\" width=\"185\">\n<p><span style=\"color: #000000\"><em>Z funduszu<\/em><\/span><\/p>\n<p><span style=\"color: #000000\"><em>Rady Rodzic\u00f3w<\/em><\/span><\/p>\n<\/td>\n<\/tr>\n<tr>\n<td style=\"border-color: #000000;background-color: #fca800;width: 1026px;text-align: center\" colspan=\"4\" width=\"1026\">\n<p><span style=\"color: #000000\"><strong><em>DZIA\u0141ANIA EDUKACYJNE W PRZEDSZKOLU<\/em><\/strong><\/span><\/p>\n<\/td>\n<\/tr>\n<tr>\n<td style=\"border-color: #000000;text-align: center\" width=\"159\">\n<p><span style=\"color: #000000\"><em>21.02.2019 r.<\/em><\/span><\/p>\n<p><span style=\"color: #000000\"><em>czwartek<\/em><\/span><\/p>\n<\/td>\n<td style=\"border-color: #000000;text-align: center\" width=\"430\">\n<p><span style=\"color: #000000\"><em>Wyj\u015bcie do teatru scena Polskiego Radia \u2013 \u201ePszcz\u00f3\u0142ka Maja\u201d<\/em><\/span><\/p>\n<\/td>\n<td style=\"border-color: #000000;text-align: center\" width=\"253\">\n<p><span style=\"color: #000000\"><strong><em>Arty\u015bci, Podr\u00f3\u017cnicy, S\u00f3wki, Sportowcy,<\/em><\/strong><\/span><\/p>\n<p><span style=\"color: #000000\"><strong><em>Mali Badacze<\/em><\/strong><\/span><\/p>\n<\/td>\n<td style=\"border-color: #000000;text-align: center\" width=\"185\">\n<p><span style=\"color: #000000\"><em>W ramach projektu \u201eSzko\u0142a w mie\u015bcie\u201d<\/em><\/span><\/p>\n<\/td>\n<\/tr>\n<tr>\n<td style=\"border-color: #000000;text-align: center\" width=\"159\">\n<p><span style=\"color: #000000\">25.02-01.03.2019<\/span><\/p>\n<\/td>\n<td style=\"border-color: #000000;text-align: center\" width=\"430\">\n<p><span style=\"color: #000000\">\u201eW \u015bwiecie poezji \u2013 lubimy recytowa\u0107\u201d \u2013 <strong>projekt edukacyjny<\/strong><\/span><\/p>\n<\/td>\n<td style=\"border-color: #000000;text-align: center\" width=\"253\">\n<p><span style=\"color: #000000\"><em>Wszystkie grupy<\/em><\/span><\/p>\n<\/td>\n<td style=\"border-color: #000000;text-align: center\" width=\"185\">\n<p><span style=\"color: #000000\"><em>W ramach planu pracy przedszkola<\/em><\/span><\/p>\n<\/td>\n<\/tr>\n<\/tbody>\n<\/table>\n<p><em>\u00a0<\/em><\/p>\n","protected":false},"excerpt":{"rendered":"<p>WYDARZENIA W NASZYM PRZEDSZKOLU LUTY 2019 Termin Rodzaj Grupa Op\u0142aty DZIA\u0141ANIA WE WSP\u00d3\u0141PRACY Z RODZICAMI 23.01.2019 \u015broda Koncert pt. \u201ePoznajemy instrumenty \u2013 parada strunowa\u201d Wszystkie grupy Z funduszu Rady Rodzic\u00f3w [&hellip;]<\/p>\n","protected":false},"author":77,"featured_media":984,"comment_status":"closed","ping_status":"closed","sticky":false,"template":"","format":"standard","meta":{"footnotes":""},"categories":[3],"tags":[],"class_list":["post-985","post","type-post","status-publish","format-standard","has-post-thumbnail","hentry","category-aktualnosci","clearfix"],"_links":{"self":[{"href":"https:\/\/przedszkole23.edu.wroclaw.pl\/index.php\/wp-json\/wp\/v2\/posts\/985","targetHints":{"allow":["GET"]}}],"collection":[{"href":"https:\/\/przedszkole23.edu.wroclaw.pl\/index.php\/wp-json\/wp\/v2\/posts"}],"about":[{"href":"https:\/\/przedszkole23.edu.wroclaw.pl\/index.php\/wp-json\/wp\/v2\/types\/post"}],"author":[{"embeddable":true,"href":"https:\/\/przedszkole23.edu.wroclaw.pl\/index.php\/wp-json\/wp\/v2\/users\/77"}],"replies":[{"embeddable":true,"href":"https:\/\/przedszkole23.edu.wroclaw.pl\/index.php\/wp-json\/wp\/v2\/comments?post=985"}],"version-history":[{"count":7,"href":"https:\/\/przedszkole23.edu.wroclaw.pl\/index.php\/wp-json\/wp\/v2\/posts\/985\/revisions"}],"predecessor-version":[{"id":1032,"href":"https:\/\/przedszkole23.edu.wroclaw.pl\/index.php\/wp-json\/wp\/v2\/posts\/985\/revisions\/1032"}],"wp:featuredmedia":[{"embeddable":true,"href":"https:\/\/przedszkole23.edu.wroclaw.pl\/index.php\/wp-json\/wp\/v2\/media\/984"}],"wp:attachment":[{"href":"https:\/\/przedszkole23.edu.wroclaw.pl\/index.php\/wp-json\/wp\/v2\/media?parent=985"}],"wp:term":[{"taxonomy":"category","embeddable":true,"href":"https:\/\/przedszkole23.edu.wroclaw.pl\/index.php\/wp-json\/wp\/v2\/categories?post=985"},{"taxonomy":"post_tag","embeddable":true,"href":"https:\/\/przedszkole23.edu.wroclaw.pl\/index.php\/wp-json\/wp\/v2\/tags?post=985"}],"curies":[{"name":"wp","href":"https:\/\/api.w.org\/{rel}","templated":true}]}}